{"id":838,"date":"2024-05-18T12:12:05","date_gmt":"2024-05-18T12:12:05","guid":{"rendered":"https:\/\/www.travelparadise.fr\/blog\/?p=838"},"modified":"2024-10-08T08:14:00","modified_gmt":"2024-10-08T08:14:00","slug":"vers-des-vacances-en-musique","status":"publish","type":"post","link":"https:\/\/www.travelparadise.fr\/blog\/vers-des-vacances-en-musique\/","title":{"rendered":"Vers des vacances en musique"},"content":{"rendered":"\t\t<div data-elementor-type=\"wp-post\" data-elementor-id=\"838\" class=\"elementor elementor-838\">\n\t\t\t\t\t\t\t\t\t<section class=\"elementor-section elementor-top-section elementor-element elementor-element-70dd0e7 elementor-section-boxed elementor-section-height-default elementor-section-height-default\" data-id=\"70dd0e7\" data-element_type=\"section\">\n\t\t\t\t\t\t<div class=\"elementor-container elementor-column-gap-default\">\n\t\t\t\t\t<div class=\"elementor-column elementor-col-100 elementor-top-column elementor-element elementor-element-0cc1001\" data-id=\"0cc1001\" data-element_type=\"column\">\n\t\t\t<div class=\"elementor-widget-wrap elementor-element-populated\">\n\t\t\t\t\t\t\t\t<div class=\"elementor-element elementor-element-9571a08 elementor-widget elementor-widget-heading\" data-id=\"9571a08\" data-element_type=\"widget\" data-widget_type=\"heading.default\">\n\t\t\t\t<div class=\"elementor-widget-container\">\n\t\t\t<style>\/*! elementor - v3.11.5 - 14-03-2023 *\/\n.elementor-heading-title{padding:0;margin:0;line-height:1}.elementor-widget-heading .elementor-heading-title[class*=elementor-size-]>a{color:inherit;font-size:inherit;line-height:inherit}.elementor-widget-heading .elementor-heading-title.elementor-size-small{font-size:15px}.elementor-widget-heading .elementor-heading-title.elementor-size-medium{font-size:19px}.elementor-widget-heading .elementor-heading-title.elementor-size-large{font-size:29px}.elementor-widget-heading .elementor-heading-title.elementor-size-xl{font-size:39px}.elementor-widget-heading .elementor-heading-title.elementor-size-xxl{font-size:59px}<\/style><h2 class=\"elementor-heading-title elementor-size-default\">Quand pr\u00e9voir sa location de vacances \u00e0 l'\u00eele de R\u00e9 pour profiter d'un festival de jazz ?\n<\/h2>\t\t<\/div>\n\t\t\t\t<\/div>\n\t\t\t\t\t<\/div>\n\t\t<\/div>\n\t\t\t\t\t\t\t<\/div>\n\t\t<\/section>\n\t\t\t\t<section class=\"elementor-section elementor-top-section elementor-element elementor-element-871fa16 elementor-section-boxed elementor-section-height-default elementor-section-height-default\" data-id=\"871fa16\" data-element_type=\"section\">\n\t\t\t\t\t\t<div class=\"elementor-container elementor-column-gap-default\">\n\t\t\t\t\t<div class=\"elementor-column elementor-col-100 elementor-top-column elementor-element elementor-element-6415988\" data-id=\"6415988\" data-element_type=\"column\">\n\t\t\t<div class=\"elementor-widget-wrap elementor-element-populated\">\n\t\t\t\t\t\t\t\t<div class=\"elementor-element elementor-element-cce7c7b elementor-widget elementor-widget-image\" data-id=\"cce7c7b\" data-element_type=\"widget\" data-widget_type=\"image.default\">\n\t\t\t\t<div class=\"elementor-widget-container\">\n\t\t\t<style>\/*! elementor - v3.11.5 - 14-03-2023 *\/\n.elementor-widget-image{text-align:center}.elementor-widget-image a{display:inline-block}.elementor-widget-image a img[src$=\".svg\"]{width:48px}.elementor-widget-image img{vertical-align:middle;display:inline-block}<\/style>\t\t\t\t\t\t\t\t\t\t\t\t<img loading=\"lazy\" decoding=\"async\" width=\"376\" height=\"266\" src=\"https:\/\/www.travelparadise.fr\/blog\/wp-content\/uploads\/2024\/05\/image-29.png\" class=\"attachment-large size-large wp-image-852\" alt=\"\" \/>\t\t\t\t\t\t\t\t\t\t\t\t\t\t\t<\/div>\n\t\t\t\t<\/div>\n\t\t\t\t\t<\/div>\n\t\t<\/div>\n\t\t\t\t\t\t\t<\/div>\n\t\t<\/section>\n\t\t\t\t<section class=\"elementor-section elementor-top-section elementor-element elementor-element-a319329 elementor-section-boxed elementor-section-height-default elementor-section-height-default\" data-id=\"a319329\" data-element_type=\"section\">\n\t\t\t\t\t\t<div class=\"elementor-container elementor-column-gap-default\">\n\t\t\t\t\t<div class=\"elementor-column elementor-col-100 elementor-top-column elementor-element elementor-element-f859d11\" data-id=\"f859d11\" data-element_type=\"column\">\n\t\t\t<div class=\"elementor-widget-wrap elementor-element-populated\">\n\t\t\t\t\t\t\t\t<div class=\"elementor-element elementor-element-f9dfed2 elementor-widget elementor-widget-text-editor\" data-id=\"f9dfed2\" data-element_type=\"widget\" data-widget_type=\"text-editor.default\">\n\t\t\t\t<div class=\"elementor-widget-container\">\n\t\t\t<style>\/*! elementor - v3.11.5 - 14-03-2023 *\/\n.elementor-widget-text-editor.elementor-drop-cap-view-stacked .elementor-drop-cap{background-color:#818a91;color:#fff}.elementor-widget-text-editor.elementor-drop-cap-view-framed .elementor-drop-cap{color:#818a91;border:3px solid;background-color:transparent}.elementor-widget-text-editor:not(.elementor-drop-cap-view-default) .elementor-drop-cap{margin-top:8px}.elementor-widget-text-editor:not(.elementor-drop-cap-view-default) .elementor-drop-cap-letter{width:1em;height:1em}.elementor-widget-text-editor .elementor-drop-cap{float:left;text-align:center;line-height:1;font-size:50px}.elementor-widget-text-editor .elementor-drop-cap-letter{display:inline-block}<\/style>\t\t\t\t<p>Le jazz est mis \u00e0 l&rsquo;honneur sur l&rsquo;<strong>\u00eele de R\u00e9<\/strong>\u00a0et sur l&rsquo;<strong>\u00eele d&rsquo;Ol\u00e9ron<\/strong>. En effet, plusieurs festivals ont lieu chaque \u00e9t\u00e9. Ainsi, ne tardez plus et pensez \u00e0 r\u00e9server votre location et vos billets \u00e0 l&rsquo;avance. Vous trouverez ici les locations de\u00a0<a href=\"https:\/\/www.travelparadise.fr\/\">Travel Paradise<\/a>, pour des vacances rimant avec musique et confort.\u00a0<\/p>\t\t\t\t\t\t<\/div>\n\t\t\t\t<\/div>\n\t\t\t\t\t<\/div>\n\t\t<\/div>\n\t\t\t\t\t\t\t<\/div>\n\t\t<\/section>\n\t\t\t\t<section class=\"elementor-section elementor-top-section elementor-element elementor-element-aca0749 elementor-section-boxed elementor-section-height-default elementor-section-height-default\" data-id=\"aca0749\" data-element_type=\"section\">\n\t\t\t\t\t\t<div class=\"elementor-container elementor-column-gap-default\">\n\t\t\t\t\t<div class=\"elementor-column elementor-col-100 elementor-top-column elementor-element elementor-element-b349ab8\" data-id=\"b349ab8\" data-element_type=\"column\">\n\t\t\t<div class=\"elementor-widget-wrap elementor-element-populated\">\n\t\t\t\t\t\t\t\t<div class=\"elementor-element elementor-element-438e7ec elementor-widget elementor-widget-heading\" data-id=\"438e7ec\" data-element_type=\"widget\" data-widget_type=\"heading.default\">\n\t\t\t\t<div class=\"elementor-widget-container\">\n\t\t\t<h2 class=\"elementor-heading-title elementor-size-default\">Les concerts de jazz, une exp\u00e9rience unique pour vos vacances\n<\/h2>\t\t<\/div>\n\t\t\t\t<\/div>\n\t\t\t\t\t<\/div>\n\t\t<\/div>\n\t\t\t\t\t\t\t<\/div>\n\t\t<\/section>\n\t\t\t\t<section class=\"elementor-section elementor-top-section elementor-element elementor-element-48dff31 elementor-section-boxed elementor-section-height-default elementor-section-height-default\" data-id=\"48dff31\" data-element_type=\"section\">\n\t\t\t\t\t\t<div class=\"elementor-container elementor-column-gap-default\">\n\t\t\t\t\t<div class=\"elementor-column elementor-col-100 elementor-top-column elementor-element elementor-element-052e279\" data-id=\"052e279\" data-element_type=\"column\">\n\t\t\t<div class=\"elementor-widget-wrap elementor-element-populated\">\n\t\t\t\t\t\t\t\t<div class=\"elementor-element elementor-element-9916387 elementor-widget elementor-widget-text-editor\" data-id=\"9916387\" data-element_type=\"widget\" data-widget_type=\"text-editor.default\">\n\t\t\t\t<div class=\"elementor-widget-container\">\n\t\t\t\t\t\t\t<p>Deux grands \u00e9v\u00e8nements jazz se d\u00e9roulent sur l&rsquo;\u00eele de R\u00e9 : le\u00a0<strong>Festival Jazz au Phare<\/strong>\u00a0et le\u00a0<strong>Festival Jazz en R\u00e9<\/strong>. Ils se d\u00e9roulent tous deux pendant les vacances d&rsquo;\u00e9t\u00e9, au cours du mois d&rsquo;ao\u00fbt. Ces deux grands festivals font r\u00e9sonner l&rsquo;<strong>\u00eele de R\u00e9<\/strong>\u00a0et vous assureront une exp\u00e9rience unique qui ne manquera pas de marquer vos vacances r\u00e9taises !<\/p>\t\t\t\t\t\t<\/div>\n\t\t\t\t<\/div>\n\t\t\t\t\t<\/div>\n\t\t<\/div>\n\t\t\t\t\t\t\t<\/div>\n\t\t<\/section>\n\t\t\t\t<section class=\"elementor-section elementor-top-section elementor-element elementor-element-389a868 elementor-section-boxed elementor-section-height-default elementor-section-height-default\" data-id=\"389a868\" data-element_type=\"section\">\n\t\t\t\t\t\t<div class=\"elementor-container elementor-column-gap-default\">\n\t\t\t\t\t<div class=\"elementor-column elementor-col-50 elementor-top-column elementor-element elementor-element-c700ae3\" data-id=\"c700ae3\" data-element_type=\"column\">\n\t\t\t<div class=\"elementor-widget-wrap elementor-element-populated\">\n\t\t\t\t\t\t\t\t<div class=\"elementor-element elementor-element-7227daf elementor-widget elementor-widget-image\" data-id=\"7227daf\" data-element_type=\"widget\" data-widget_type=\"image.default\">\n\t\t\t\t<div class=\"elementor-widget-container\">\n\t\t\t\t\t\t\t\t\t\t\t\t\t\t\t<img loading=\"lazy\" decoding=\"async\" width=\"500\" height=\"630\" src=\"https:\/\/www.travelparadise.fr\/blog\/wp-content\/uploads\/2024\/05\/image-28-500x630.png\" class=\"attachment-large size-large wp-image-849\" alt=\"\" \/>\t\t\t\t\t\t\t\t\t\t\t\t\t\t\t<\/div>\n\t\t\t\t<\/div>\n\t\t\t\t\t<\/div>\n\t\t<\/div>\n\t\t\t\t<div class=\"elementor-column elementor-col-50 elementor-top-column elementor-element elementor-element-b497571\" data-id=\"b497571\" data-element_type=\"column\">\n\t\t\t<div class=\"elementor-widget-wrap elementor-element-populated\">\n\t\t\t\t\t\t\t\t<div class=\"elementor-element elementor-element-4e64298 elementor-widget elementor-widget-image\" data-id=\"4e64298\" data-element_type=\"widget\" data-widget_type=\"image.default\">\n\t\t\t\t<div class=\"elementor-widget-container\">\n\t\t\t\t\t\t\t\t\t\t\t\t\t\t\t<img loading=\"lazy\" decoding=\"async\" width=\"429\" height=\"606\" src=\"https:\/\/www.travelparadise.fr\/blog\/wp-content\/uploads\/2024\/05\/image-26.png\" class=\"attachment-large size-large wp-image-845\" alt=\"\" \/>\t\t\t\t\t\t\t\t\t\t\t\t\t\t\t<\/div>\n\t\t\t\t<\/div>\n\t\t\t\t\t<\/div>\n\t\t<\/div>\n\t\t\t\t\t\t\t<\/div>\n\t\t<\/section>\n\t\t\t\t<section class=\"elementor-section elementor-top-section elementor-element elementor-element-364fd11 elementor-section-boxed elementor-section-height-default elementor-section-height-default\" data-id=\"364fd11\" data-element_type=\"section\">\n\t\t\t\t\t\t<div class=\"elementor-container elementor-column-gap-default\">\n\t\t\t\t\t<div class=\"elementor-column elementor-col-50 elementor-top-column elementor-element elementor-element-7fa627b\" data-id=\"7fa627b\" data-element_type=\"column\">\n\t\t\t<div class=\"elementor-widget-wrap elementor-element-populated\">\n\t\t\t\t\t\t\t\t<div class=\"elementor-element elementor-element-c3de88d elementor-widget elementor-widget-text-editor\" data-id=\"c3de88d\" data-element_type=\"widget\" data-widget_type=\"text-editor.default\">\n\t\t\t\t<div class=\"elementor-widget-container\">\n\t\t\t\t\t\t\t<h3 class=\"wp-block-heading has-medium-font-size\"><a href=\"https:\/\/www.jazzenre.fr\/\">Le festival Jazz en R\u00e9<\/a><\/h3>\n<p><span style=\"color: var( --e-global-color-text ); font-family: var( --e-global-typography-text-font-family ), Sans-serif; font-weight: var( --e-global-typography-text-font-weight ); background-color: transparent;\">Un deuxi\u00e8me festival de jazz est organis\u00e9 sur l&rsquo;\u00eele : le <\/span><strong style=\"color: var( --e-global-color-text ); font-family: var( --e-global-typography-text-font-family ), Sans-serif; background-color: transparent;\">Festival Jazz en R\u00e9<\/strong><span style=\"color: var( --e-global-color-text ); font-family: var( --e-global-typography-text-font-family ), Sans-serif; font-weight: var( --e-global-typography-text-font-weight ); background-color: transparent;\">. Il a lieu \u00e0 <\/span><strong style=\"color: var( --e-global-color-text ); font-family: var( --e-global-typography-text-font-family ), Sans-serif; background-color: transparent;\">Saint-Martin-en-R\u00e9<\/strong><span style=\"color: var( --e-global-color-text ); font-family: var( --e-global-typography-text-font-family ), Sans-serif; font-weight: var( --e-global-typography-text-font-weight ); background-color: transparent;\"> dans le magnifique port du village. Ce festival est une tradition qui se perdure depuis maintenant plus de 25 ans. Pas besoin de r\u00e9server vos billets ! En effet, les concerts se jouent en soir\u00e9e et sont <\/span><strong style=\"color: var( --e-global-color-text ); font-family: var( --e-global-typography-text-font-family ), Sans-serif; background-color: transparent;\">gratuits <\/strong><span style=\"color: var( --e-global-color-text ); font-family: var( --e-global-typography-text-font-family ), Sans-serif; font-weight: var( --e-global-typography-text-font-weight ); background-color: transparent;\">au public. L&rsquo;ambiance y est conviviale et chaleureuse. Alors laissez-vous transporter par la m\u00e9lodie du voyage !<\/span><\/p>\t\t\t\t\t\t<\/div>\n\t\t\t\t<\/div>\n\t\t\t\t\t<\/div>\n\t\t<\/div>\n\t\t\t\t<div class=\"elementor-column elementor-col-50 elementor-top-column elementor-element elementor-element-88abc62\" data-id=\"88abc62\" data-element_type=\"column\">\n\t\t\t<div class=\"elementor-widget-wrap elementor-element-populated\">\n\t\t\t\t\t\t\t\t<div class=\"elementor-element elementor-element-58ae148 elementor-widget elementor-widget-text-editor\" data-id=\"58ae148\" data-element_type=\"widget\" data-widget_type=\"text-editor.default\">\n\t\t\t\t<div class=\"elementor-widget-container\">\n\t\t\t\t\t\t\t<p><strong><a href=\"https:\/\/jazzauphare.com\/\">Le festival Jazz au Phare<\/a><\/strong><\/p>\n<p>Le\u00a0Festival Jazz au Phare\u00a0se tient au pied du c\u00e9l\u00e8bre\u00a0Phare des Baleines, dans le village de\u00a0Saint-Cl\u00e9ment-des-Baleines\u00a0situ\u00e9 au nord-ouest de l&rsquo;\u00eele. S&rsquo;\u00e9talant sur plusieurs jours, il illumine de mille feux la nuit tomb\u00e9e. C&rsquo;est un spectacle \u00e0 ne pas manquer pendant votre s\u00e9jour sur l&rsquo;\u00eele de R\u00e9. Cette ann\u00e9e 2024, le festival se d\u00e9roulera\u00a0du 4 au 8 ao\u00fbt. Au programme, de nombreux artistes qui ne manqueront pas de vous laisser entrainer cet incroyable voyage musical.<\/p>\t\t\t\t\t\t<\/div>\n\t\t\t\t<\/div>\n\t\t\t\t\t<\/div>\n\t\t<\/div>\n\t\t\t\t\t\t\t<\/div>\n\t\t<\/section>\n\t\t\t\t<section class=\"elementor-section elementor-top-section elementor-element elementor-element-f6cf15e elementor-section-boxed elementor-section-height-default elementor-section-height-default\" data-id=\"f6cf15e\" data-element_type=\"section\">\n\t\t\t\t\t\t<div class=\"elementor-container elementor-column-gap-default\">\n\t\t\t\t\t<div class=\"elementor-column elementor-col-100 elementor-top-column elementor-element elementor-element-5a731d9\" data-id=\"5a731d9\" data-element_type=\"column\">\n\t\t\t<div class=\"elementor-widget-wrap elementor-element-populated\">\n\t\t\t\t\t\t\t\t<div class=\"elementor-element elementor-element-d440b63 elementor-widget elementor-widget-spacer\" data-id=\"d440b63\" data-element_type=\"widget\" data-widget_type=\"spacer.default\">\n\t\t\t\t<div class=\"elementor-widget-container\">\n\t\t\t<style>\/*! elementor - v3.11.5 - 14-03-2023 *\/\n.elementor-column .elementor-spacer-inner{height:var(--spacer-size)}.e-con{--container-widget-width:100%}.e-con-inner>.elementor-widget-spacer,.e-con>.elementor-widget-spacer{width:var(--container-widget-width,var(--spacer-size));--align-self:var(--container-widget-align-self,initial);--flex-shrink:0}.e-con-inner>.elementor-widget-spacer>.elementor-widget-container,.e-con-inner>.elementor-widget-spacer>.elementor-widget-container>.elementor-spacer,.e-con>.elementor-widget-spacer>.elementor-widget-container,.e-con>.elementor-widget-spacer>.elementor-widget-container>.elementor-spacer{height:100%}.e-con-inner>.elementor-widget-spacer>.elementor-widget-container>.elementor-spacer>.elementor-spacer-inner,.e-con>.elementor-widget-spacer>.elementor-widget-container>.elementor-spacer>.elementor-spacer-inner{height:var(--container-widget-height,var(--spacer-size))}<\/style>\t\t<div class=\"elementor-spacer\">\n\t\t\t<div class=\"elementor-spacer-inner\"><\/div>\n\t\t<\/div>\n\t\t\t\t<\/div>\n\t\t\t\t<\/div>\n\t\t\t\t\t<\/div>\n\t\t<\/div>\n\t\t\t\t\t\t\t<\/div>\n\t\t<\/section>\n\t\t\t\t<section class=\"elementor-section elementor-top-section elementor-element elementor-element-0e06091 elementor-section-boxed elementor-section-height-default elementor-section-height-default\" data-id=\"0e06091\" data-element_type=\"section\">\n\t\t\t\t\t\t<div class=\"elementor-container elementor-column-gap-default\">\n\t\t\t\t\t<div class=\"elementor-column elementor-col-100 elementor-top-column elementor-element elementor-element-20bbb8e\" data-id=\"20bbb8e\" data-element_type=\"column\">\n\t\t\t<div class=\"elementor-widget-wrap elementor-element-populated\">\n\t\t\t\t\t\t\t\t<div class=\"elementor-element elementor-element-be39c10 elementor-widget elementor-widget-text-editor\" data-id=\"be39c10\" data-element_type=\"widget\" data-widget_type=\"text-editor.default\">\n\t\t\t\t<div class=\"elementor-widget-container\">\n\t\t\t\t\t\t\t<p><strong><span style=\"background-color: transparent; color: var( --e-global-color-text ); font-family: Arial, sans-serif; font-size: 24px;\">Quand les concerts de jazz ont-ils lieu sur l&rsquo;\u00eele de R\u00e9 ?<\/span><\/strong><\/p>\n<p>Les concerts de jazz ont lieu sur l&rsquo;<strong>\u00eele de R\u00e9<\/strong>\u00a0pendant les mois de juillet ou d&rsquo;ao\u00fbt, saison des vacances. Pour connaitre les dates pr\u00e9cises du festival de\u00a0<strong>Saint-Martin-en-R\u00e9<\/strong>\u00a0et de celui de\u00a0<strong>Saint-Cl\u00e9ment-des-Baleines<\/strong>, consultez les sites des organisateurs (<a href=\"https:\/\/www.jazzenre.fr\/\">Jazz en R\u00e9<\/a>\u00a0et\u00a0<a href=\"https:\/\/jazzauphare.com\/\">Jazz au Phare<\/a>). En effet, ces dates vous seront utiles pour consulter les disponibilit\u00e9s des locations de vacances et pour faire la r\u00e9servation de votre maison.\u00a0<\/p>\n<p>Le jazz n&rsquo;est pas seulement appr\u00e9ci\u00e9 sur l&rsquo;<strong>\u00eele de R\u00e9<\/strong>, mais \u00e9galement sur l&rsquo;<strong>\u00eele d&rsquo;Ol\u00e9ron<\/strong>. L&rsquo;\u00eele d&rsquo;Ol\u00e9ron est situ\u00e9e \u00e0 seulement quelques kilom\u00e8tres de l&rsquo;\u00eele de R\u00e9. Ainsi, vous pouvez vous rendre en bateau de l&rsquo;\u00eele de R\u00e9 \u00e0 l&rsquo;\u00eele d&rsquo;Ol\u00e9ron pour assister \u00e0 son festival de jazz !<\/p>\n<h2 class=\"wp-block-heading has-medium-font-size\">O\u00f9 trouver des locations de vacances pr\u00e8s des festivals de jazz ?<\/h2>\n<p>Et si vous pouviez r\u00e9server une location \u00e0 proximit\u00e9 de ces festivals ? Une maison avec terrasse et piscine ?\u00a0<a href=\"https:\/\/www.travelparadise.fr\/\">Travel Paradise<\/a>\u00a0a la solution pour vous. En effet, nous vous proposons \u00e0 la location de charmantes demeures optimis\u00e9es pour vous procurer le confort optimal que vous m\u00e9ritez. Situ\u00e9es \u00e0 proximit\u00e9 des centres-villes, elles vous permettront de b\u00e9n\u00e9ficier de tous les avantages permettant de profiter pleinement de vos vacances. Nous mettons \u00e9galement des v\u00e9los \u00e0 disposition afin de faciliter et de rendre plus agr\u00e9ables vos d\u00e9placements sur l&rsquo;\u00eele.<\/p>\t\t\t\t\t\t<\/div>\n\t\t\t\t<\/div>\n\t\t\t\t\t<\/div>\n\t\t<\/div>\n\t\t\t\t\t\t\t<\/div>\n\t\t<\/section>\n\t\t\t\t<section class=\"elementor-section elementor-top-section elementor-element elementor-element-e72cec3 elementor-section-boxed elementor-section-height-default elementor-section-height-default\" data-id=\"e72cec3\" data-element_type=\"section\">\n\t\t\t\t\t\t<div class=\"elementor-container elementor-column-gap-default\">\n\t\t\t\t\t<div class=\"elementor-column elementor-col-100 elementor-top-column elementor-element elementor-element-4a04995\" data-id=\"4a04995\" data-element_type=\"column\">\n\t\t\t<div class=\"elementor-widget-wrap elementor-element-populated\">\n\t\t\t\t\t\t\t\t<div class=\"elementor-element elementor-element-ede4d60 elementor-widget-divider--view-line elementor-widget elementor-widget-divider\" data-id=\"ede4d60\" data-element_type=\"widget\" data-widget_type=\"divider.default\">\n\t\t\t\t<div class=\"elementor-widget-container\">\n\t\t\t<style>\/*! elementor - v3.11.5 - 14-03-2023 *\/\n.elementor-widget-divider{--divider-border-style:none;--divider-border-width:1px;--divider-color:#2c2c2c;--divider-icon-size:20px;--divider-element-spacing:10px;--divider-pattern-height:24px;--divider-pattern-size:20px;--divider-pattern-url:none;--divider-pattern-repeat:repeat-x}.elementor-widget-divider .elementor-divider{display:flex}.elementor-widget-divider .elementor-divider__text{font-size:15px;line-height:1;max-width:95%}.elementor-widget-divider .elementor-divider__element{margin:0 var(--divider-element-spacing);flex-shrink:0}.elementor-widget-divider .elementor-icon{font-size:var(--divider-icon-size)}.elementor-widget-divider .elementor-divider-separator{display:flex;margin:0;direction:ltr}.elementor-widget-divider--view-line_icon .elementor-divider-separator,.elementor-widget-divider--view-line_text .elementor-divider-separator{align-items:center}.elementor-widget-divider--view-line_icon .elementor-divider-separator:after,.elementor-widget-divider--view-line_icon .elementor-divider-separator:before,.elementor-widget-divider--view-line_text .elementor-divider-separator:after,.elementor-widget-divider--view-line_text .elementor-divider-separator:before{display:block;content:\"\";border-bottom:0;flex-grow:1;border-top:var(--divider-border-width) var(--divider-border-style) var(--divider-color)}.elementor-widget-divider--element-align-left .elementor-divider .elementor-divider-separator>.elementor-divider__svg:first-of-type{flex-grow:0;flex-shrink:100}.elementor-widget-divider--element-align-left .elementor-divider-separator:before{content:none}.elementor-widget-divider--element-align-left .elementor-divider__element{margin-left:0}.elementor-widget-divider--element-align-right .elementor-divider .elementor-divider-separator>.elementor-divider__svg:last-of-type{flex-grow:0;flex-shrink:100}.elementor-widget-divider--element-align-right .elementor-divider-separator:after{content:none}.elementor-widget-divider--element-align-right .elementor-divider__element{margin-right:0}.elementor-widget-divider:not(.elementor-widget-divider--view-line_text):not(.elementor-widget-divider--view-line_icon) .elementor-divider-separator{border-top:var(--divider-border-width) var(--divider-border-style) var(--divider-color)}.elementor-widget-divider--separator-type-pattern{--divider-border-style:none}.elementor-widget-divider--separator-type-pattern.elementor-widget-divider--view-line .elementor-divider-separator,.elementor-widget-divider--separator-type-pattern:not(.elementor-widget-divider--view-line) .elementor-divider-separator:after,.elementor-widget-divider--separator-type-pattern:not(.elementor-widget-divider--view-line) .elementor-divider-separator:before,.elementor-widget-divider--separator-type-pattern:not([class*=elementor-widget-divider--view]) .elementor-divider-separator{width:100%;min-height:var(--divider-pattern-height);-webkit-mask-size:var(--divider-pattern-size) 100%;mask-size:var(--divider-pattern-size) 100%;-webkit-mask-repeat:var(--divider-pattern-repeat);mask-repeat:var(--divider-pattern-repeat);background-color:var(--divider-color);-webkit-mask-image:var(--divider-pattern-url);mask-image:var(--divider-pattern-url)}.elementor-widget-divider--no-spacing{--divider-pattern-size:auto}.elementor-widget-divider--bg-round{--divider-pattern-repeat:round}.rtl .elementor-widget-divider .elementor-divider__text{direction:rtl}.e-con-inner>.elementor-widget-divider,.e-con>.elementor-widget-divider{width:var(--container-widget-width,100%);--flex-grow:var(--container-widget-flex-grow)}<\/style>\t\t<div class=\"elementor-divider\">\n\t\t\t<span class=\"elementor-divider-separator\">\n\t\t\t\t\t\t<\/span>\n\t\t<\/div>\n\t\t\t\t<\/div>\n\t\t\t\t<\/div>\n\t\t\t\t\t<\/div>\n\t\t<\/div>\n\t\t\t\t\t\t\t<\/div>\n\t\t<\/section>\n\t\t\t\t<section class=\"elementor-section elementor-top-section elementor-element elementor-element-90daca3 elementor-section-boxed elementor-section-height-default elementor-section-height-default\" data-id=\"90daca3\" data-element_type=\"section\">\n\t\t\t\t\t\t<div class=\"elementor-container elementor-column-gap-default\">\n\t\t\t\t\t<div class=\"elementor-column elementor-col-100 elementor-top-column elementor-element elementor-element-6916c72\" data-id=\"6916c72\" data-element_type=\"column\">\n\t\t\t<div class=\"elementor-widget-wrap elementor-element-populated\">\n\t\t\t\t\t\t\t\t<div class=\"elementor-element elementor-element-73d8cd2 elementor-widget elementor-widget-heading\" data-id=\"73d8cd2\" data-element_type=\"widget\" data-widget_type=\"heading.default\">\n\t\t\t\t<div class=\"elementor-widget-container\">\n\t\t\t<h2 class=\"elementor-heading-title elementor-size-default\"><a href=\"https:\/\/www.travelparadise.fr\/location\/locations-ile-de-re-z3166\/vue-liste\/\">Nos maisons sur Saint-Martin et Saint-Cl\u00e9ment-des-Baleines<\/a><\/h2>\t\t<\/div>\n\t\t\t\t<\/div>\n\t\t\t\t\t<\/div>\n\t\t<\/div>\n\t\t\t\t\t\t\t<\/div>\n\t\t<\/section>\n\t\t\t\t<section class=\"elementor-section elementor-top-section elementor-element elementor-element-99e706a elementor-section-boxed elementor-section-height-default elementor-section-height-default\" data-id=\"99e706a\" data-element_type=\"section\">\n\t\t\t\t\t\t<div class=\"elementor-container elementor-column-gap-default\">\n\t\t\t\t\t<div class=\"elementor-column elementor-col-66 elementor-top-column elementor-element elementor-element-fb20f76\" data-id=\"fb20f76\" data-element_type=\"column\">\n\t\t\t<div class=\"elementor-widget-wrap elementor-element-populated\">\n\t\t\t\t\t\t\t\t<div class=\"elementor-element elementor-element-985a455 elementor-widget elementor-widget-image\" data-id=\"985a455\" data-element_type=\"widget\" data-widget_type=\"image.default\">\n\t\t\t\t<div class=\"elementor-widget-container\">\n\t\t\t\t\t\t\t\t\t\t\t\t<figure class=\"wp-caption\">\n\t\t\t\t\t\t\t\t\t\t<img loading=\"lazy\" decoding=\"async\" width=\"751\" height=\"420\" src=\"https:\/\/www.travelparadise.fr\/blog\/wp-content\/uploads\/2024\/05\/image-1126x630.png\" class=\"attachment-large size-large wp-image-755\" alt=\"\" \/>\t\t\t\t\t\t\t\t\t\t\t<figcaption class=\"widget-image-caption wp-caption-text\">Par ailleurs, Travel Paradise vous propose une maison \u00e0 seulement deux pas du vieux port et de la plage. La villa Pass\u00e9 Simple est un choix de location judicieux si vous souhaitez assister au Festival Jazz en R\u00e9. En plus d'offrir une vue imprenable sur le Port de Saint-Martin, elle b\u00e9n\u00e9ficie d'une piscine priv\u00e9e chauff\u00e9e et peut accueillir ais\u00e9ment jusqu'\u00e0 10 personnes.<\/figcaption>\n\t\t\t\t\t\t\t\t\t\t<\/figure>\n\t\t\t\t\t\t\t\t\t<\/div>\n\t\t\t\t<\/div>\n\t\t\t\t\t<\/div>\n\t\t<\/div>\n\t\t\t\t<div class=\"elementor-column elementor-col-33 elementor-top-column elementor-element elementor-element-506b539\" data-id=\"506b539\" data-element_type=\"column\">\n\t\t\t<div class=\"elementor-widget-wrap elementor-element-populated\">\n\t\t\t\t\t\t\t\t<div class=\"elementor-element elementor-element-6fbc785 elementor-widget elementor-widget-text-editor\" data-id=\"6fbc785\" data-element_type=\"widget\" data-widget_type=\"text-editor.default\">\n\t\t\t\t<div class=\"elementor-widget-container\">\n\t\t\t\t\t\t\t<p>Que ce soit dans le village de<strong>\u00a0Saint-Martin-en-R\u00e9<\/strong>\u00a0ou celui de\u00a0<strong>Saint-Cl\u00e9ment-des-Baleines<\/strong>,\u00a0<strong>Travel Paradise<\/strong>\u00a0met \u00e0 votre disposition de jolies demeures de vacances, s\u00e9lectionn\u00e9es avec des crit\u00e8res de choix. En effet, chaque maison offre des prestations haut de gamme : terrasse, piscine, chambres avec salle de bain, jardin, etc.\u00a0<\/p>\n<p>\u00a0<\/p>\n<p>\u00a0<\/p>\t\t\t\t\t\t<\/div>\n\t\t\t\t<\/div>\n\t\t\t\t\t<\/div>\n\t\t<\/div>\n\t\t\t\t\t\t\t<\/div>\n\t\t<\/section>\n\t\t\t\t<section class=\"elementor-section elementor-top-section elementor-element elementor-element-b3561a5 elementor-section-boxed elementor-section-height-default elementor-section-height-default\" data-id=\"b3561a5\" data-element_type=\"section\">\n\t\t\t\t\t\t<div class=\"elementor-container elementor-column-gap-default\">\n\t\t\t\t\t<div class=\"elementor-column elementor-col-100 elementor-top-column elementor-element elementor-element-ba58a7c\" data-id=\"ba58a7c\" data-element_type=\"column\">\n\t\t\t<div class=\"elementor-widget-wrap elementor-element-populated\">\n\t\t\t\t\t\t\t\t<div class=\"elementor-element elementor-element-1195924 elementor-widget elementor-widget-spacer\" data-id=\"1195924\" data-element_type=\"widget\" data-widget_type=\"spacer.default\">\n\t\t\t\t<div class=\"elementor-widget-container\">\n\t\t\t\t\t<div class=\"elementor-spacer\">\n\t\t\t<div class=\"elementor-spacer-inner\"><\/div>\n\t\t<\/div>\n\t\t\t\t<\/div>\n\t\t\t\t<\/div>\n\t\t\t\t\t<\/div>\n\t\t<\/div>\n\t\t\t\t\t\t\t<\/div>\n\t\t<\/section>\n\t\t\t\t<section class=\"elementor-section elementor-top-section elementor-element elementor-element-e67c639 elementor-section-boxed elementor-section-height-default elementor-section-height-default\" data-id=\"e67c639\" data-element_type=\"section\">\n\t\t\t\t\t\t<div class=\"elementor-container elementor-column-gap-default\">\n\t\t\t\t\t<div class=\"elementor-column elementor-col-33 elementor-top-column elementor-element elementor-element-9d7a701\" data-id=\"9d7a701\" data-element_type=\"column\">\n\t\t\t<div class=\"elementor-widget-wrap elementor-element-populated\">\n\t\t\t\t\t\t\t\t<div class=\"elementor-element elementor-element-f8edb8d elementor-widget elementor-widget-text-editor\" data-id=\"f8edb8d\" data-element_type=\"widget\" data-widget_type=\"text-editor.default\">\n\t\t\t\t<div class=\"elementor-widget-container\">\n\t\t\t\t\t\t\t<p>Une autre demeure, bien que tr\u00e8s diff\u00e9rente de celle-ci, vous offrira le m\u00eame confort. Situ\u00e9e \u00e0\u00a0<strong>Saint-Cl\u00e9ment-des-Baleines<\/strong>, et donc pr\u00e8s du\u00a0<strong>Festival Jazz au Phare<\/strong>, la\u00a0<a href=\"https:\/\/www.travelparadise.fr\/location\/villa-saint-clement-des-baleines-villa-la-saliere-412606.html\"><strong>villa La Sali\u00e8re<\/strong><\/a>\u00a0est \u00e9galement disponible \u00e0 la location. La maison, typique de l&rsquo;\u00eele, est situ\u00e9e au c\u0153ur du village, \u00e0 deux pas des commerces, des restaurants et du march\u00e9 local. De plus, une piscine chauff\u00e9e, deux terrasses ainsi qu&rsquo;un jardin clos feront une location de vacances parfaite pour assister au festival de jazz.<\/p>\n<div>\u00a0<\/div>\t\t\t\t\t\t<\/div>\n\t\t\t\t<\/div>\n\t\t\t\t\t<\/div>\n\t\t<\/div>\n\t\t\t\t<div class=\"elementor-column elementor-col-66 elementor-top-column elementor-element elementor-element-e247c56\" data-id=\"e247c56\" data-element_type=\"column\">\n\t\t\t<div class=\"elementor-widget-wrap elementor-element-populated\">\n\t\t\t\t\t\t\t\t<div class=\"elementor-element elementor-element-6c5b424 elementor-widget elementor-widget-image\" data-id=\"6c5b424\" data-element_type=\"widget\" data-widget_type=\"image.default\">\n\t\t\t\t<div class=\"elementor-widget-container\">\n\t\t\t\t\t\t\t\t\t\t\t\t\t\t\t<img loading=\"lazy\" decoding=\"async\" width=\"751\" height=\"435\" src=\"https:\/\/www.travelparadise.fr\/blog\/wp-content\/uploads\/2024\/05\/image-30-1087x630.png\" class=\"attachment-large size-large wp-image-854\" alt=\"\" \/>\t\t\t\t\t\t\t\t\t\t\t\t\t\t\t<\/div>\n\t\t\t\t<\/div>\n\t\t\t\t\t<\/div>\n\t\t<\/div>\n\t\t\t\t\t\t\t<\/div>\n\t\t<\/section>\n\t\t\t\t<section class=\"elementor-section elementor-top-section elementor-element elementor-element-c582d48 elementor-section-boxed elementor-section-height-default elementor-section-height-default\" data-id=\"c582d48\" data-element_type=\"section\">\n\t\t\t\t\t\t<div class=\"elementor-container elementor-column-gap-default\">\n\t\t\t\t\t<div class=\"elementor-column elementor-col-100 elementor-top-column elementor-element elementor-element-d01edbc\" data-id=\"d01edbc\" data-element_type=\"column\">\n\t\t\t<div class=\"elementor-widget-wrap elementor-element-populated\">\n\t\t\t\t\t\t\t\t<div class=\"elementor-element elementor-element-2b8bced elementor-widget elementor-widget-text-editor\" data-id=\"2b8bced\" data-element_type=\"widget\" data-widget_type=\"text-editor.default\">\n\t\t\t\t<div class=\"elementor-widget-container\">\n\t\t\t\t\t\t\t<h3 class=\"wp-block-heading has-medium-font-size\">Conseils de r\u00e9servation de votre s\u00e9jour sur l&rsquo;\u00eele de R\u00e9\u00a0<\/h3><p class=\"has-small-font-size\">Le tarif d&rsquo;une nuit dans nos magnifiques <a href=\"https:\/\/www.travelparadise.fr\/location\/locations-ile-de-re-z3166\/\">maisons de vacances<\/a> varie selon la saison de r\u00e9servation. Vous pouvez d\u00e9couvrir nos offres sur notre\u00a0<strong><a href=\"https:\/\/www.travelparadise.fr\/\">site<\/a>\u00a0<\/strong>internet ou nous contacter directement pour de plus amples informations. Par ailleurs, n&rsquo;h\u00e9sitez pas \u00e0 r\u00e9server \u00e0 l&rsquo;avance afin de vous assurer de la disponibilit\u00e9 de la location selon vos dates de s\u00e9jour sur l&rsquo;\u00eele.<\/p><figure class=\"wp-block-image aligncenter size-full is-resized\"><a href=\"https:\/\/www.travelparadise.fr\/\"><img loading=\"lazy\" decoding=\"async\" width=\"185\" height=\"43\" class=\"wp-image-860\" style=\"width: 185px;\" src=\"https:\/\/www.travelparadise.fr\/blog\/wp-content\/uploads\/2024\/05\/image-33.png\" alt=\"\" srcset=\"https:\/\/www.travelparadise.fr\/blog\/wp-content\/uploads\/2024\/05\/image-33.png 1496w, https:\/\/www.travelparadise.fr\/blog\/wp-content\/uploads\/2024\/05\/image-33-768x178.png 768w\" sizes=\"auto, (max-width: 185px) 100vw, 185px\" \/><\/a><\/figure>\t\t\t\t\t\t<\/div>\n\t\t\t\t<\/div>\n\t\t\t\t\t<\/div>\n\t\t<\/div>\n\t\t\t\t\t\t\t<\/div>\n\t\t<\/section>\n\t\t\t\t\t\t\t<\/div>\n\t\t","protected":false},"excerpt":{"rendered":"<p>Quand pr\u00e9voir sa location de vacances \u00e0 l&rsquo;\u00eele de R\u00e9 pour profiter d&rsquo;un festival de jazz ? Le jazz est&#8230;<\/p>\n","protected":false},"author":2,"featured_media":1263,"comment_status":"open","ping_status":"open","sticky":false,"template":"","format":"standard","meta":{"footnotes":""},"categories":[19],"tags":[],"class_list":["post-838","post","type-post","status-publish","format-standard","has-post-thumbnail","hentry","category-blog"],"yoast_head":"<!-- This site is optimized with the Yoast SEO plugin v20.3 - https:\/\/yoast.com\/wordpress\/plugins\/seo\/ -->\n<title>Vers des vacances en musique - Blog<\/title>\n<meta name=\"description\" content=\"L&#039;\u00eele de R\u00e9 est connue pour ses paysages \u00e9poustouflants, ses hu\u00eetres, etc. Mais avez-vous d\u00e9j\u00e0 entendu parler des traditionnels festivals de jazz r\u00e9tais ?\" \/>\n<meta name=\"robots\" content=\"index, follow, max-snippet:-1, max-image-preview:large, max-video-preview:-1\" \/>\n<link rel=\"canonical\" href=\"https:\/\/www.travelparadise.fr\/blog\/vers-des-vacances-en-musique\/\" \/>\n<meta property=\"og:locale\" content=\"fr_FR\" \/>\n<meta property=\"og:type\" content=\"article\" \/>\n<meta property=\"og:title\" content=\"Vers des vacances en musique - Blog\" \/>\n<meta property=\"og:description\" content=\"L&#039;\u00eele de R\u00e9 est connue pour ses paysages \u00e9poustouflants, ses hu\u00eetres, etc. Mais avez-vous d\u00e9j\u00e0 entendu parler des traditionnels festivals de jazz r\u00e9tais ?\" \/>\n<meta property=\"og:url\" content=\"https:\/\/www.travelparadise.fr\/blog\/vers-des-vacances-en-musique\/\" \/>\n<meta property=\"og:site_name\" content=\"Blog\" \/>\n<meta property=\"article:published_time\" content=\"2024-05-18T12:12:05+00:00\" \/>\n<meta property=\"article:modified_time\" content=\"2024-10-08T08:14:00+00:00\" \/>\n<meta property=\"og:image\" content=\"https:\/\/www.travelparadise.fr\/blog\/wp-content\/uploads\/2024\/05\/festival.jpg\" \/>\n\t<meta property=\"og:image:width\" content=\"1440\" \/>\n\t<meta property=\"og:image:height\" content=\"1440\" \/>\n\t<meta property=\"og:image:type\" content=\"image\/jpeg\" \/>\n<meta name=\"author\" content=\"travelparadise\" \/>\n<meta name=\"twitter:card\" content=\"summary_large_image\" \/>\n<meta name=\"twitter:label1\" content=\"\u00c9crit par\" \/>\n\t<meta name=\"twitter:data1\" content=\"travelparadise\" \/>\n\t<meta name=\"twitter:label2\" content=\"Dur\u00e9e de lecture estim\u00e9e\" \/>\n\t<meta name=\"twitter:data2\" content=\"6 minutes\" \/>\n<script type=\"application\/ld+json\" class=\"yoast-schema-graph\">{\"@context\":\"https:\/\/schema.org\",\"@graph\":[{\"@type\":\"WebPage\",\"@id\":\"https:\/\/www.travelparadise.fr\/blog\/vers-des-vacances-en-musique\/\",\"url\":\"https:\/\/www.travelparadise.fr\/blog\/vers-des-vacances-en-musique\/\",\"name\":\"Vers des vacances en musique - Blog\",\"isPartOf\":{\"@id\":\"https:\/\/www.travelparadise.fr\/blog\/#website\"},\"datePublished\":\"2024-05-18T12:12:05+00:00\",\"dateModified\":\"2024-10-08T08:14:00+00:00\",\"author\":{\"@id\":\"https:\/\/www.travelparadise.fr\/blog\/#\/schema\/person\/ed2001af629a3e10f958897e149d0ac1\"},\"description\":\"L'\u00eele de R\u00e9 est connue pour ses paysages \u00e9poustouflants, ses hu\u00eetres, etc. Mais avez-vous d\u00e9j\u00e0 entendu parler des traditionnels festivals de jazz r\u00e9tais ?\",\"breadcrumb\":{\"@id\":\"https:\/\/www.travelparadise.fr\/blog\/vers-des-vacances-en-musique\/#breadcrumb\"},\"inLanguage\":\"fr-FR\",\"potentialAction\":[{\"@type\":\"ReadAction\",\"target\":[\"https:\/\/www.travelparadise.fr\/blog\/vers-des-vacances-en-musique\/\"]}]},{\"@type\":\"BreadcrumbList\",\"@id\":\"https:\/\/www.travelparadise.fr\/blog\/vers-des-vacances-en-musique\/#breadcrumb\",\"itemListElement\":[{\"@type\":\"ListItem\",\"position\":1,\"name\":\"Accueil\",\"item\":\"https:\/\/www.travelparadise.fr\/blog\/\"},{\"@type\":\"ListItem\",\"position\":2,\"name\":\"Vers des vacances en musique\"}]},{\"@type\":\"WebSite\",\"@id\":\"https:\/\/www.travelparadise.fr\/blog\/#website\",\"url\":\"https:\/\/www.travelparadise.fr\/blog\/\",\"name\":\"Blog sur l'\u00cele de R\u00e9\",\"description\":\"Location de vacances de luxe \u00cele de R\u00e9 - TravelParadise.fr\",\"alternateName\":\"Blog sur l'\u00cele de R\u00e9\",\"potentialAction\":[{\"@type\":\"SearchAction\",\"target\":{\"@type\":\"EntryPoint\",\"urlTemplate\":\"https:\/\/www.travelparadise.fr\/blog\/?s={search_term_string}\"},\"query-input\":\"required name=search_term_string\"}],\"inLanguage\":\"fr-FR\"},{\"@type\":\"Person\",\"@id\":\"https:\/\/www.travelparadise.fr\/blog\/#\/schema\/person\/ed2001af629a3e10f958897e149d0ac1\",\"name\":\"travelparadise\",\"image\":{\"@type\":\"ImageObject\",\"inLanguage\":\"fr-FR\",\"@id\":\"https:\/\/www.travelparadise.fr\/blog\/#\/schema\/person\/image\/\",\"url\":\"https:\/\/secure.gravatar.com\/avatar\/6f4f7cc27cad962dac233b4df73e88870445d6f46c799440318bb409fc4cd9da?s=96&d=mm&r=g\",\"contentUrl\":\"https:\/\/secure.gravatar.com\/avatar\/6f4f7cc27cad962dac233b4df73e88870445d6f46c799440318bb409fc4cd9da?s=96&d=mm&r=g\",\"caption\":\"travelparadise\"},\"url\":\"https:\/\/www.travelparadise.fr\/blog\/author\/travelparadise\/\"}]}<\/script>\n<!-- \/ Yoast SEO plugin. -->","yoast_head_json":{"title":"Vers des vacances en musique - Blog","description":"L'\u00eele de R\u00e9 est connue pour ses paysages \u00e9poustouflants, ses hu\u00eetres, etc. Mais avez-vous d\u00e9j\u00e0 entendu parler des traditionnels festivals de jazz r\u00e9tais ?","robots":{"index":"index","follow":"follow","max-snippet":"max-snippet:-1","max-image-preview":"max-image-preview:large","max-video-preview":"max-video-preview:-1"},"canonical":"https:\/\/www.travelparadise.fr\/blog\/vers-des-vacances-en-musique\/","og_locale":"fr_FR","og_type":"article","og_title":"Vers des vacances en musique - Blog","og_description":"L'\u00eele de R\u00e9 est connue pour ses paysages \u00e9poustouflants, ses hu\u00eetres, etc. Mais avez-vous d\u00e9j\u00e0 entendu parler des traditionnels festivals de jazz r\u00e9tais ?","og_url":"https:\/\/www.travelparadise.fr\/blog\/vers-des-vacances-en-musique\/","og_site_name":"Blog","article_published_time":"2024-05-18T12:12:05+00:00","article_modified_time":"2024-10-08T08:14:00+00:00","og_image":[{"width":1440,"height":1440,"url":"https:\/\/www.travelparadise.fr\/blog\/wp-content\/uploads\/2024\/05\/festival.jpg","type":"image\/jpeg"}],"author":"travelparadise","twitter_card":"summary_large_image","twitter_misc":{"\u00c9crit par":"travelparadise","Dur\u00e9e de lecture estim\u00e9e":"6 minutes"},"schema":{"@context":"https:\/\/schema.org","@graph":[{"@type":"WebPage","@id":"https:\/\/www.travelparadise.fr\/blog\/vers-des-vacances-en-musique\/","url":"https:\/\/www.travelparadise.fr\/blog\/vers-des-vacances-en-musique\/","name":"Vers des vacances en musique - Blog","isPartOf":{"@id":"https:\/\/www.travelparadise.fr\/blog\/#website"},"datePublished":"2024-05-18T12:12:05+00:00","dateModified":"2024-10-08T08:14:00+00:00","author":{"@id":"https:\/\/www.travelparadise.fr\/blog\/#\/schema\/person\/ed2001af629a3e10f958897e149d0ac1"},"description":"L'\u00eele de R\u00e9 est connue pour ses paysages \u00e9poustouflants, ses hu\u00eetres, etc. Mais avez-vous d\u00e9j\u00e0 entendu parler des traditionnels festivals de jazz r\u00e9tais ?","breadcrumb":{"@id":"https:\/\/www.travelparadise.fr\/blog\/vers-des-vacances-en-musique\/#breadcrumb"},"inLanguage":"fr-FR","potentialAction":[{"@type":"ReadAction","target":["https:\/\/www.travelparadise.fr\/blog\/vers-des-vacances-en-musique\/"]}]},{"@type":"BreadcrumbList","@id":"https:\/\/www.travelparadise.fr\/blog\/vers-des-vacances-en-musique\/#breadcrumb","itemListElement":[{"@type":"ListItem","position":1,"name":"Accueil","item":"https:\/\/www.travelparadise.fr\/blog\/"},{"@type":"ListItem","position":2,"name":"Vers des vacances en musique"}]},{"@type":"WebSite","@id":"https:\/\/www.travelparadise.fr\/blog\/#website","url":"https:\/\/www.travelparadise.fr\/blog\/","name":"Blog sur l'\u00cele de R\u00e9","description":"Location de vacances de luxe \u00cele de R\u00e9 - TravelParadise.fr","alternateName":"Blog sur l'\u00cele de R\u00e9","potentialAction":[{"@type":"SearchAction","target":{"@type":"EntryPoint","urlTemplate":"https:\/\/www.travelparadise.fr\/blog\/?s={search_term_string}"},"query-input":"required name=search_term_string"}],"inLanguage":"fr-FR"},{"@type":"Person","@id":"https:\/\/www.travelparadise.fr\/blog\/#\/schema\/person\/ed2001af629a3e10f958897e149d0ac1","name":"travelparadise","image":{"@type":"ImageObject","inLanguage":"fr-FR","@id":"https:\/\/www.travelparadise.fr\/blog\/#\/schema\/person\/image\/","url":"https:\/\/secure.gravatar.com\/avatar\/6f4f7cc27cad962dac233b4df73e88870445d6f46c799440318bb409fc4cd9da?s=96&d=mm&r=g","contentUrl":"https:\/\/secure.gravatar.com\/avatar\/6f4f7cc27cad962dac233b4df73e88870445d6f46c799440318bb409fc4cd9da?s=96&d=mm&r=g","caption":"travelparadise"},"url":"https:\/\/www.travelparadise.fr\/blog\/author\/travelparadise\/"}]}},"_links":{"self":[{"href":"https:\/\/www.travelparadise.fr\/blog\/wp-json\/wp\/v2\/posts\/838","targetHints":{"allow":["GET"]}}],"collection":[{"href":"https:\/\/www.travelparadise.fr\/blog\/wp-json\/wp\/v2\/posts"}],"about":[{"href":"https:\/\/www.travelparadise.fr\/blog\/wp-json\/wp\/v2\/types\/post"}],"author":[{"embeddable":true,"href":"https:\/\/www.travelparadise.fr\/blog\/wp-json\/wp\/v2\/users\/2"}],"replies":[{"embeddable":true,"href":"https:\/\/www.travelparadise.fr\/blog\/wp-json\/wp\/v2\/comments?post=838"}],"version-history":[{"count":14,"href":"https:\/\/www.travelparadise.fr\/blog\/wp-json\/wp\/v2\/posts\/838\/revisions"}],"predecessor-version":[{"id":1819,"href":"https:\/\/www.travelparadise.fr\/blog\/wp-json\/wp\/v2\/posts\/838\/revisions\/1819"}],"wp:featuredmedia":[{"embeddable":true,"href":"https:\/\/www.travelparadise.fr\/blog\/wp-json\/wp\/v2\/media\/1263"}],"wp:attachment":[{"href":"https:\/\/www.travelparadise.fr\/blog\/wp-json\/wp\/v2\/media?parent=838"}],"wp:term":[{"taxonomy":"category","embeddable":true,"href":"https:\/\/www.travelparadise.fr\/blog\/wp-json\/wp\/v2\/categories?post=838"},{"taxonomy":"post_tag","embeddable":true,"href":"https:\/\/www.travelparadise.fr\/blog\/wp-json\/wp\/v2\/tags?post=838"}],"curies":[{"name":"wp","href":"https:\/\/api.w.org\/{rel}","templated":true}]}}