{"id":770,"date":"2024-05-11T10:09:14","date_gmt":"2024-05-11T10:09:14","guid":{"rendered":"https:\/\/www.travelparadise.fr\/blog\/?p=770"},"modified":"2024-10-08T08:41:39","modified_gmt":"2024-10-08T08:41:39","slug":"quelle-saison-pour-louer-une-villa-sur-lile-de-re","status":"publish","type":"post","link":"https:\/\/www.travelparadise.fr\/blog\/quelle-saison-pour-louer-une-villa-sur-lile-de-re\/","title":{"rendered":"Quelle saison pour louer une villa sur l&rsquo;\u00eele de R\u00e9 ?"},"content":{"rendered":"\t\t<div data-elementor-type=\"wp-post\" data-elementor-id=\"770\" class=\"elementor elementor-770\">\n\t\t\t\t\t\t\t\t\t<section class=\"elementor-section elementor-top-section elementor-element elementor-element-97ce272 elementor-section-boxed elementor-section-height-default elementor-section-height-default\" data-id=\"97ce272\" data-element_type=\"section\">\n\t\t\t\t\t\t<div class=\"elementor-container elementor-column-gap-default\">\n\t\t\t\t\t<div class=\"elementor-column elementor-col-100 elementor-top-column elementor-element elementor-element-06a71ae\" data-id=\"06a71ae\" data-element_type=\"column\">\n\t\t\t<div class=\"elementor-widget-wrap elementor-element-populated\">\n\t\t\t\t\t\t\t\t<div class=\"elementor-element elementor-element-85387de elementor-widget elementor-widget-heading\" data-id=\"85387de\" data-element_type=\"widget\" data-widget_type=\"heading.default\">\n\t\t\t\t<div class=\"elementor-widget-container\">\n\t\t\t<style>\/*! elementor - v3.11.5 - 14-03-2023 *\/\n.elementor-heading-title{padding:0;margin:0;line-height:1}.elementor-widget-heading .elementor-heading-title[class*=elementor-size-]>a{color:inherit;font-size:inherit;line-height:inherit}.elementor-widget-heading .elementor-heading-title.elementor-size-small{font-size:15px}.elementor-widget-heading .elementor-heading-title.elementor-size-medium{font-size:19px}.elementor-widget-heading .elementor-heading-title.elementor-size-large{font-size:29px}.elementor-widget-heading .elementor-heading-title.elementor-size-xl{font-size:39px}.elementor-widget-heading .elementor-heading-title.elementor-size-xxl{font-size:59px}<\/style><h2 class=\"elementor-heading-title elementor-size-default\">Quelle saison pour louer une villa sur l'\u00eele de R\u00e9 ?<\/h2>\t\t<\/div>\n\t\t\t\t<\/div>\n\t\t\t\t\t<\/div>\n\t\t<\/div>\n\t\t\t\t\t\t\t<\/div>\n\t\t<\/section>\n\t\t\t\t<section class=\"elementor-section elementor-top-section elementor-element elementor-element-52b87a1 elementor-section-boxed elementor-section-height-default elementor-section-height-default\" data-id=\"52b87a1\" data-element_type=\"section\">\n\t\t\t\t\t\t<div class=\"elementor-container elementor-column-gap-default\">\n\t\t\t\t\t<div class=\"elementor-column elementor-col-100 elementor-top-column elementor-element elementor-element-d7e1b71\" data-id=\"d7e1b71\" data-element_type=\"column\">\n\t\t\t<div class=\"elementor-widget-wrap elementor-element-populated\">\n\t\t\t\t\t\t\t\t<div class=\"elementor-element elementor-element-4f80510 elementor-widget elementor-widget-text-editor\" data-id=\"4f80510\" data-element_type=\"widget\" data-widget_type=\"text-editor.default\">\n\t\t\t\t<div class=\"elementor-widget-container\">\n\t\t\t<style>\/*! elementor - v3.11.5 - 14-03-2023 *\/\n.elementor-widget-text-editor.elementor-drop-cap-view-stacked .elementor-drop-cap{background-color:#818a91;color:#fff}.elementor-widget-text-editor.elementor-drop-cap-view-framed .elementor-drop-cap{color:#818a91;border:3px solid;background-color:transparent}.elementor-widget-text-editor:not(.elementor-drop-cap-view-default) .elementor-drop-cap{margin-top:8px}.elementor-widget-text-editor:not(.elementor-drop-cap-view-default) .elementor-drop-cap-letter{width:1em;height:1em}.elementor-widget-text-editor .elementor-drop-cap{float:left;text-align:center;line-height:1;font-size:50px}.elementor-widget-text-editor .elementor-drop-cap-letter{display:inline-block}<\/style>\t\t\t\t<p><span style=\"color: var( --e-global-color-text ); background-color: transparent; font-family: var( --e-global-typography-text-font-family ), Sans-serif; font-weight: var( --e-global-typography-text-font-weight );\">L&rsquo;<\/span><a style=\"font-family: var( --e-global-typography-text-font-family ), Sans-serif; font-weight: var( --e-global-typography-text-font-weight );\" href=\"https:\/\/www.iledere.com\/\">\u00cele de R\u00e9<\/a><span style=\"color: var( --e-global-color-text ); background-color: transparent; font-family: var( --e-global-typography-text-font-family ), Sans-serif; font-weight: var( --e-global-typography-text-font-weight );\"> attirent de nombreux voyageurs tout au long de l&rsquo;ann\u00e9e gr\u00e2ce \u00e0 sa nature sauvage, ses paysages authentiques et son histoire. Que vous soyez en qu\u00eate d&rsquo;aventure ou de simples moments d\u00e9tente, cette agr\u00e9able petite \u00eele de l&rsquo;Atlantique r\u00e9pond \u00e0 toutes vos attentes. <\/span><a style=\"font-family: var( --e-global-typography-text-font-family ), Sans-serif; font-weight: var( --e-global-typography-text-font-weight );\" href=\"https:\/\/www.travelparadise.fr\/\">Travel Paradise<\/a><span style=\"color: var( --e-global-color-text ); background-color: transparent; font-family: var( --e-global-typography-text-font-family ), Sans-serif; font-weight: var( --e-global-typography-text-font-weight );\"> propose ses villas \u00e0 la location toute l&rsquo;ann\u00e9e. Mais quelle saison choisir pour <a href=\"https:\/\/www.travelparadise.fr\/location\/locations-ile-de-re-z3166\/vue-liste\/\">louer une villa<\/a> : le calme hivernal, la douceur printani\u00e8re, le soleil estival ou encore la qui\u00e9tude automnale ?<\/span><\/p>\t\t\t\t\t\t<\/div>\n\t\t\t\t<\/div>\n\t\t\t\t\t<\/div>\n\t\t<\/div>\n\t\t\t\t\t\t\t<\/div>\n\t\t<\/section>\n\t\t\t\t<section class=\"elementor-section elementor-top-section elementor-element elementor-element-14605cb elementor-section-boxed elementor-section-height-default elementor-section-height-default\" data-id=\"14605cb\" data-element_type=\"section\">\n\t\t\t\t\t\t<div class=\"elementor-container elementor-column-gap-default\">\n\t\t\t\t\t<div class=\"elementor-column elementor-col-33 elementor-top-column elementor-element elementor-element-f2ffad5\" data-id=\"f2ffad5\" data-element_type=\"column\">\n\t\t\t<div class=\"elementor-widget-wrap elementor-element-populated\">\n\t\t\t\t\t\t\t\t<div class=\"elementor-element elementor-element-9af71cc elementor-widget elementor-widget-image\" data-id=\"9af71cc\" data-element_type=\"widget\" data-widget_type=\"image.default\">\n\t\t\t\t<div class=\"elementor-widget-container\">\n\t\t\t<style>\/*! elementor - v3.11.5 - 14-03-2023 *\/\n.elementor-widget-image{text-align:center}.elementor-widget-image a{display:inline-block}.elementor-widget-image a img[src$=\".svg\"]{width:48px}.elementor-widget-image img{vertical-align:middle;display:inline-block}<\/style>\t\t\t\t\t\t\t\t\t\t\t\t<img loading=\"lazy\" decoding=\"async\" width=\"1225\" height=\"980\" src=\"https:\/\/www.travelparadise.fr\/blog\/wp-content\/uploads\/2024\/05\/neige.webp\" class=\"attachment-full size-full wp-image-1422\" alt=\"\" srcset=\"https:\/\/www.travelparadise.fr\/blog\/wp-content\/uploads\/2024\/05\/neige.webp 1225w, https:\/\/www.travelparadise.fr\/blog\/wp-content\/uploads\/2024\/05\/neige-768x614.webp 768w\" sizes=\"auto, (max-width: 1225px) 100vw, 1225px\" \/>\t\t\t\t\t\t\t\t\t\t\t\t\t\t\t<\/div>\n\t\t\t\t<\/div>\n\t\t\t\t\t<\/div>\n\t\t<\/div>\n\t\t\t\t<div class=\"elementor-column elementor-col-66 elementor-top-column elementor-element elementor-element-19a487c\" data-id=\"19a487c\" data-element_type=\"column\">\n\t\t\t<div class=\"elementor-widget-wrap elementor-element-populated\">\n\t\t\t\t\t\t\t\t<div class=\"elementor-element elementor-element-e3aff3a elementor-widget elementor-widget-spacer\" data-id=\"e3aff3a\" data-element_type=\"widget\" data-widget_type=\"spacer.default\">\n\t\t\t\t<div class=\"elementor-widget-container\">\n\t\t\t<style>\/*! elementor - v3.11.5 - 14-03-2023 *\/\n.elementor-column .elementor-spacer-inner{height:var(--spacer-size)}.e-con{--container-widget-width:100%}.e-con-inner>.elementor-widget-spacer,.e-con>.elementor-widget-spacer{width:var(--container-widget-width,var(--spacer-size));--align-self:var(--container-widget-align-self,initial);--flex-shrink:0}.e-con-inner>.elementor-widget-spacer>.elementor-widget-container,.e-con-inner>.elementor-widget-spacer>.elementor-widget-container>.elementor-spacer,.e-con>.elementor-widget-spacer>.elementor-widget-container,.e-con>.elementor-widget-spacer>.elementor-widget-container>.elementor-spacer{height:100%}.e-con-inner>.elementor-widget-spacer>.elementor-widget-container>.elementor-spacer>.elementor-spacer-inner,.e-con>.elementor-widget-spacer>.elementor-widget-container>.elementor-spacer>.elementor-spacer-inner{height:var(--container-widget-height,var(--spacer-size))}<\/style>\t\t<div class=\"elementor-spacer\">\n\t\t\t<div class=\"elementor-spacer-inner\"><\/div>\n\t\t<\/div>\n\t\t\t\t<\/div>\n\t\t\t\t<\/div>\n\t\t\t\t<div class=\"elementor-element elementor-element-fa9772a elementor-widget elementor-widget-heading\" data-id=\"fa9772a\" data-element_type=\"widget\" data-widget_type=\"heading.default\">\n\t\t\t\t<div class=\"elementor-widget-container\">\n\t\t\t<h2 class=\"elementor-heading-title elementor-size-default\">L'hiver r\u00e9tais<\/h2>\t\t<\/div>\n\t\t\t\t<\/div>\n\t\t\t\t\t<\/div>\n\t\t<\/div>\n\t\t\t\t\t\t\t<\/div>\n\t\t<\/section>\n\t\t\t\t<section class=\"elementor-section elementor-top-section elementor-element elementor-element-c305ce7 elementor-section-boxed elementor-section-height-default elementor-section-height-default\" data-id=\"c305ce7\" data-element_type=\"section\">\n\t\t\t\t\t\t<div class=\"elementor-container elementor-column-gap-default\">\n\t\t\t\t\t<div class=\"elementor-column elementor-col-100 elementor-top-column elementor-element elementor-element-fa11f6c\" data-id=\"fa11f6c\" data-element_type=\"column\">\n\t\t\t<div class=\"elementor-widget-wrap elementor-element-populated\">\n\t\t\t\t\t\t\t\t<div class=\"elementor-element elementor-element-889c3c1 elementor-widget elementor-widget-text-editor\" data-id=\"889c3c1\" data-element_type=\"widget\" data-widget_type=\"text-editor.default\">\n\t\t\t\t<div class=\"elementor-widget-container\">\n\t\t\t\t\t\t\t<p class=\"has-small-font-size\">Le <strong>Bois-Plage-en-R\u00e9<\/strong>, <strong>Saint-Martin-en-R\u00e9<\/strong> ou encore <strong>les Portes-en-R\u00e9<\/strong>, chaque village de l&rsquo;<strong>\u00eele de R\u00e9<\/strong> rec\u00e8le de magnifiques paysages. Mettez votre doudoune, votre \u00e9charpe et votre bonnet, on vous emm\u00e8ne d\u00e9couvrir pourquoi choisir une location de villa de luxe sur l&rsquo;<strong>\u00eele de R\u00e9<\/strong> en hiver.\u00a0<\/p>\n<p><\/p>\n<p class=\"has-small-font-size\">L&rsquo;hiver chasse les touristes, et l&rsquo;\u00eele de R\u00e9 retrouve qui\u00e9tude et authenticit\u00e9. Ainsi, retrouvez le calme propice \u00e0 la contemplation et \u00e0 la d\u00e9couverte des vastes paysages. C&rsquo;est le moment id\u00e9al pour marcher le long des plages d\u00e9sertes, de d\u00e9couvrir les villages endormis, et de profiter de la chaleur du foyer de nos villas et de leurs piscines chauff\u00e9es. <strong>Travel Paradise<\/strong> a ce qu&rsquo;il vous faut.<\/p>\t\t\t\t\t\t<\/div>\n\t\t\t\t<\/div>\n\t\t\t\t\t<\/div>\n\t\t<\/div>\n\t\t\t\t\t\t\t<\/div>\n\t\t<\/section>\n\t\t\t\t<section class=\"elementor-section elementor-top-section elementor-element elementor-element-8e7b496 elementor-section-boxed elementor-section-height-default elementor-section-height-default\" data-id=\"8e7b496\" data-element_type=\"section\">\n\t\t\t\t\t\t<div class=\"elementor-container elementor-column-gap-default\">\n\t\t\t\t\t<div class=\"elementor-column elementor-col-66 elementor-top-column elementor-element elementor-element-08ba361\" data-id=\"08ba361\" data-element_type=\"column\">\n\t\t\t<div class=\"elementor-widget-wrap elementor-element-populated\">\n\t\t\t\t\t\t\t\t<div class=\"elementor-element elementor-element-6ef3dcf elementor-widget elementor-widget-spacer\" data-id=\"6ef3dcf\" data-element_type=\"widget\" data-widget_type=\"spacer.default\">\n\t\t\t\t<div class=\"elementor-widget-container\">\n\t\t\t\t\t<div class=\"elementor-spacer\">\n\t\t\t<div class=\"elementor-spacer-inner\"><\/div>\n\t\t<\/div>\n\t\t\t\t<\/div>\n\t\t\t\t<\/div>\n\t\t\t\t<div class=\"elementor-element elementor-element-9f53fad elementor-widget elementor-widget-heading\" data-id=\"9f53fad\" data-element_type=\"widget\" data-widget_type=\"heading.default\">\n\t\t\t\t<div class=\"elementor-widget-container\">\n\t\t\t<h2 class=\"elementor-heading-title elementor-size-default\">Le printemps r\u00e9tais<\/h2>\t\t<\/div>\n\t\t\t\t<\/div>\n\t\t\t\t\t<\/div>\n\t\t<\/div>\n\t\t\t\t<div class=\"elementor-column elementor-col-33 elementor-top-column elementor-element elementor-element-e5f2b2e\" data-id=\"e5f2b2e\" data-element_type=\"column\">\n\t\t\t<div class=\"elementor-widget-wrap elementor-element-populated\">\n\t\t\t\t\t\t\t\t<div class=\"elementor-element elementor-element-974617e elementor-widget elementor-widget-image\" data-id=\"974617e\" data-element_type=\"widget\" data-widget_type=\"image.default\">\n\t\t\t\t<div class=\"elementor-widget-container\">\n\t\t\t\t\t\t\t\t\t\t\t\t\t\t\t<img loading=\"lazy\" decoding=\"async\" width=\"395\" height=\"512\" src=\"https:\/\/www.travelparadise.fr\/blog\/wp-content\/uploads\/2024\/05\/primptemps.png\" class=\"attachment-full size-full wp-image-1426\" alt=\"\" \/>\t\t\t\t\t\t\t\t\t\t\t\t\t\t\t<\/div>\n\t\t\t\t<\/div>\n\t\t\t\t\t<\/div>\n\t\t<\/div>\n\t\t\t\t\t\t\t<\/div>\n\t\t<\/section>\n\t\t\t\t<section class=\"elementor-section elementor-top-section elementor-element elementor-element-9b1cfb7 elementor-section-boxed elementor-section-height-default elementor-section-height-default\" data-id=\"9b1cfb7\" data-element_type=\"section\">\n\t\t\t\t\t\t<div class=\"elementor-container elementor-column-gap-default\">\n\t\t\t\t\t<div class=\"elementor-column elementor-col-100 elementor-top-column elementor-element elementor-element-5491a7a\" data-id=\"5491a7a\" data-element_type=\"column\">\n\t\t\t<div class=\"elementor-widget-wrap elementor-element-populated\">\n\t\t\t\t\t\t\t\t<div class=\"elementor-element elementor-element-8034536 elementor-widget elementor-widget-text-editor\" data-id=\"8034536\" data-element_type=\"widget\" data-widget_type=\"text-editor.default\">\n\t\t\t\t<div class=\"elementor-widget-container\">\n\t\t\t\t\t\t\t<p class=\"has-small-font-size\">Le printemps est une p\u00e9riode id\u00e9ale pour d\u00e9couvrir l&rsquo;<strong>\u00eele de R\u00e9<\/strong> dans toute sa splendeur. Elle offre \u00e9galement un large choix d&rsquo;activit\u00e9s qui ne manqueront de plaire \u00e0 tout le monde.<\/p>\n<p><\/p>\n<p class=\"has-small-font-size\">Vos enfants et vous-m\u00eames pourrez partir vous balader sur les innombrables chemins de l&rsquo;\u00eele, en faire le tour et profiter de la vue qu&rsquo;apporte chaque recoin du village. En effet, les temp\u00e9ratures douces et les paysages verdoyants invitent \u00e0 la d\u00e9couverte des coins. En v\u00e9lo ou m\u00eame \u00e0 pied, partez ainsi \u00e0 la d\u00e9couverte des marais salants, des vignobles ou encore des villages pittoresques r\u00e9tais. C&rsquo;est aussi la saison pour profiter pleinement des floraisons, et d&rsquo;ainsi pouvoir admirer et sentir les couleurs et parfums, et ce depuis votre jardin m\u00eame.<\/p>\n<p><\/p>\n<p class=\"has-small-font-size\">Enfin, le printemps est la p\u00e9riode id\u00e9ale pour pouvoir reprendre (ou commencer) les sports nautiques. Surf, kite, voile, paddle, etc., les temp\u00e9ratures se r\u00e9chauffent. De plus, le moment est d&rsquo;autant plus id\u00e9al que les plages sont encore relativement vides.<\/p>\t\t\t\t\t\t<\/div>\n\t\t\t\t<\/div>\n\t\t\t\t\t<\/div>\n\t\t<\/div>\n\t\t\t\t\t\t\t<\/div>\n\t\t<\/section>\n\t\t\t\t<section class=\"elementor-section elementor-top-section elementor-element elementor-element-d11da6a elementor-section-boxed elementor-section-height-default elementor-section-height-default\" data-id=\"d11da6a\" data-element_type=\"section\">\n\t\t\t\t\t\t<div class=\"elementor-container elementor-column-gap-default\">\n\t\t\t\t\t<div class=\"elementor-column elementor-col-66 elementor-top-column elementor-element elementor-element-a53c6df\" data-id=\"a53c6df\" data-element_type=\"column\">\n\t\t\t<div class=\"elementor-widget-wrap elementor-element-populated\">\n\t\t\t\t\t\t\t\t<div class=\"elementor-element elementor-element-b1d76e0 elementor-widget elementor-widget-spacer\" data-id=\"b1d76e0\" data-element_type=\"widget\" data-widget_type=\"spacer.default\">\n\t\t\t\t<div class=\"elementor-widget-container\">\n\t\t\t\t\t<div class=\"elementor-spacer\">\n\t\t\t<div class=\"elementor-spacer-inner\"><\/div>\n\t\t<\/div>\n\t\t\t\t<\/div>\n\t\t\t\t<\/div>\n\t\t\t\t<div class=\"elementor-element elementor-element-52c6491 elementor-widget elementor-widget-heading\" data-id=\"52c6491\" data-element_type=\"widget\" data-widget_type=\"heading.default\">\n\t\t\t\t<div class=\"elementor-widget-container\">\n\t\t\t<h2 class=\"elementor-heading-title elementor-size-default\">L'\u00e9t\u00e9 r\u00e9tais<\/h2>\t\t<\/div>\n\t\t\t\t<\/div>\n\t\t\t\t\t<\/div>\n\t\t<\/div>\n\t\t\t\t<div class=\"elementor-column elementor-col-33 elementor-top-column elementor-element elementor-element-7a3ae1f\" data-id=\"7a3ae1f\" data-element_type=\"column\">\n\t\t\t<div class=\"elementor-widget-wrap elementor-element-populated\">\n\t\t\t\t\t\t\t\t<div class=\"elementor-element elementor-element-4c095ea elementor-widget elementor-widget-image\" data-id=\"4c095ea\" data-element_type=\"widget\" data-widget_type=\"image.default\">\n\t\t\t\t<div class=\"elementor-widget-container\">\n\t\t\t\t\t\t\t\t\t\t\t\t\t\t\t<img loading=\"lazy\" decoding=\"async\" width=\"612\" height=\"612\" src=\"https:\/\/www.travelparadise.fr\/blog\/wp-content\/uploads\/2024\/05\/soleil.jpg\" class=\"attachment-large size-large wp-image-1428\" alt=\"\" srcset=\"https:\/\/www.travelparadise.fr\/blog\/wp-content\/uploads\/2024\/05\/soleil.jpg 612w, https:\/\/www.travelparadise.fr\/blog\/wp-content\/uploads\/2024\/05\/soleil-150x150.jpg 150w, https:\/\/www.travelparadise.fr\/blog\/wp-content\/uploads\/2024\/05\/soleil-90x90.jpg 90w\" sizes=\"auto, (max-width: 612px) 100vw, 612px\" \/>\t\t\t\t\t\t\t\t\t\t\t\t\t\t\t<\/div>\n\t\t\t\t<\/div>\n\t\t\t\t\t<\/div>\n\t\t<\/div>\n\t\t\t\t\t\t\t<\/div>\n\t\t<\/section>\n\t\t\t\t<section class=\"elementor-section elementor-top-section elementor-element elementor-element-e462e94 elementor-section-boxed elementor-section-height-default elementor-section-height-default\" data-id=\"e462e94\" data-element_type=\"section\">\n\t\t\t\t\t\t<div class=\"elementor-container elementor-column-gap-default\">\n\t\t\t\t\t<div class=\"elementor-column elementor-col-100 elementor-top-column elementor-element elementor-element-a14d490\" data-id=\"a14d490\" data-element_type=\"column\">\n\t\t\t<div class=\"elementor-widget-wrap elementor-element-populated\">\n\t\t\t\t\t\t\t\t<div class=\"elementor-element elementor-element-befdabf elementor-widget elementor-widget-text-editor\" data-id=\"befdabf\" data-element_type=\"widget\" data-widget_type=\"text-editor.default\">\n\t\t\t\t<div class=\"elementor-widget-container\">\n\t\t\t\t\t\t\t<p class=\"has-small-font-size\">L&rsquo;\u00e9t\u00e9 rime avec soleil et plage. En effet, c&rsquo;est la saison id\u00e9ale pour profiter des magnifiques plages de l&rsquo;<strong>\u00eele de R\u00e9<\/strong>. Bronzer sur le sable chaud, se baigner dans les eaux claires de l&rsquo;oc\u00e9an Atlantique, pratiquer des activit\u00e9s nautiques, etc. Tout \u00e7a est possible sur l&rsquo;\u00eele en \u00e9t\u00e9, mais ce n&rsquo;est pas tout.<\/p>\n<p><\/p>\n<p class=\"has-small-font-size\">L&rsquo;\u00e9t\u00e9 repr\u00e9sente aussi la saison id\u00e9ale pour pouvoir profiter des march\u00e9s anim\u00e9s ou encore des nombreux festivals et \u00e9v\u00e9nements culturels qui l&rsquo;animent.<\/p>\n<p><\/p>\n<p class=\"has-small-font-size\">Il n&rsquo;y \u00e9galement pas meilleure m\u00e9t\u00e9o que pour effectuer de longues sorties en mer pour partir \u00e0 la d\u00e9couvert aussi bien de l&rsquo;<strong>\u00eele de R\u00e9<\/strong>, que des autres \u00eeles aux alentours.<\/p>\n<p><\/p>\n<p class=\"has-small-font-size\">Aussi, \u00e0 la nuit tomb\u00e9e, profitez du calme et admirez la nature qui vous entoure. Vous avez \u00e9galement la chance de pouvoir contempler le \u00e9toiles, dans un ciel d\u00e9gag\u00e9 de toute pollution, depuis votre terrasse ou m\u00eame votre piscine.<\/p>\t\t\t\t\t\t<\/div>\n\t\t\t\t<\/div>\n\t\t\t\t\t<\/div>\n\t\t<\/div>\n\t\t\t\t\t\t\t<\/div>\n\t\t<\/section>\n\t\t\t\t<section class=\"elementor-section elementor-top-section elementor-element elementor-element-97b2837 elementor-section-boxed elementor-section-height-default elementor-section-height-default\" data-id=\"97b2837\" data-element_type=\"section\">\n\t\t\t\t\t\t<div class=\"elementor-container elementor-column-gap-default\">\n\t\t\t\t\t<div class=\"elementor-column elementor-col-66 elementor-top-column elementor-element elementor-element-0a2f2a1\" data-id=\"0a2f2a1\" data-element_type=\"column\">\n\t\t\t<div class=\"elementor-widget-wrap elementor-element-populated\">\n\t\t\t\t\t\t\t\t<div class=\"elementor-element elementor-element-7c55e12 elementor-widget elementor-widget-spacer\" data-id=\"7c55e12\" data-element_type=\"widget\" data-widget_type=\"spacer.default\">\n\t\t\t\t<div class=\"elementor-widget-container\">\n\t\t\t\t\t<div class=\"elementor-spacer\">\n\t\t\t<div class=\"elementor-spacer-inner\"><\/div>\n\t\t<\/div>\n\t\t\t\t<\/div>\n\t\t\t\t<\/div>\n\t\t\t\t<div class=\"elementor-element elementor-element-a9613b4 elementor-widget elementor-widget-heading\" data-id=\"a9613b4\" data-element_type=\"widget\" data-widget_type=\"heading.default\">\n\t\t\t\t<div class=\"elementor-widget-container\">\n\t\t\t<h2 class=\"elementor-heading-title elementor-size-default\">L'automne\u00a0r\u00e9tais<\/h2>\t\t<\/div>\n\t\t\t\t<\/div>\n\t\t\t\t\t<\/div>\n\t\t<\/div>\n\t\t\t\t<div class=\"elementor-column elementor-col-33 elementor-top-column elementor-element elementor-element-be4a128\" data-id=\"be4a128\" data-element_type=\"column\">\n\t\t\t<div class=\"elementor-widget-wrap elementor-element-populated\">\n\t\t\t\t\t\t\t\t<div class=\"elementor-element elementor-element-f433c9a elementor-widget elementor-widget-image\" data-id=\"f433c9a\" data-element_type=\"widget\" data-widget_type=\"image.default\">\n\t\t\t\t<div class=\"elementor-widget-container\">\n\t\t\t\t\t\t\t\t\t\t\t\t\t\t\t<img loading=\"lazy\" decoding=\"async\" width=\"938\" height=\"980\" src=\"https:\/\/www.travelparadise.fr\/blog\/wp-content\/uploads\/2024\/05\/automne.webp\" class=\"attachment-full size-full wp-image-1430\" alt=\"\" srcset=\"https:\/\/www.travelparadise.fr\/blog\/wp-content\/uploads\/2024\/05\/automne.webp 938w, https:\/\/www.travelparadise.fr\/blog\/wp-content\/uploads\/2024\/05\/automne-768x802.webp 768w\" sizes=\"auto, (max-width: 938px) 100vw, 938px\" \/>\t\t\t\t\t\t\t\t\t\t\t\t\t\t\t<\/div>\n\t\t\t\t<\/div>\n\t\t\t\t\t<\/div>\n\t\t<\/div>\n\t\t\t\t\t\t\t<\/div>\n\t\t<\/section>\n\t\t\t\t<section class=\"elementor-section elementor-top-section elementor-element elementor-element-22e60b3 elementor-section-boxed elementor-section-height-default elementor-section-height-default\" data-id=\"22e60b3\" data-element_type=\"section\">\n\t\t\t\t\t\t<div class=\"elementor-container elementor-column-gap-default\">\n\t\t\t\t\t<div class=\"elementor-column elementor-col-100 elementor-top-column elementor-element elementor-element-f2a6997\" data-id=\"f2a6997\" data-element_type=\"column\">\n\t\t\t<div class=\"elementor-widget-wrap elementor-element-populated\">\n\t\t\t\t\t\t\t\t<div class=\"elementor-element elementor-element-5bfc2ee elementor-widget elementor-widget-text-editor\" data-id=\"5bfc2ee\" data-element_type=\"widget\" data-widget_type=\"text-editor.default\">\n\t\t\t\t<div class=\"elementor-widget-container\">\n\t\t\t\t\t\t\t<p class=\"has-small-font-size\">L&rsquo;automne et ses magnifiques couleurs sont \u00e9galement une bonne p\u00e9riode pour profiter et d\u00e9couvrir l&rsquo;<strong>\u00eele de R\u00e9<\/strong> et ses villages alentours comme <strong>Saint-Martin-en-R\u00e9<\/strong> ou <strong>les Portes-en-R\u00e9<\/strong>.\u00a0La chaleur retombe, et les touristes s&rsquo;en vont. L&rsquo;<strong>\u00eele de R\u00e9<\/strong> retrouve sa qui\u00e9tude.<\/p>\n<p><\/p>\n<p class=\"has-small-font-size\">L&rsquo;automne est la saison id\u00e9ale pour profiter d&rsquo;agr\u00e9ables randonn\u00e9es et balades. La nature sur l&rsquo;<strong>\u00eele de R\u00e9<\/strong> est une v\u00e9ritable p\u00e9pite qui se traduit au travers de ses vignes, de ses for\u00eats et de ses marais.<\/p>\n<p><\/p>\n<p class=\"has-small-font-size\">Les plus gourmands sauront que l&rsquo;automne est synonyme de saison des r\u00e9coltes. Ainsi, cela fait d&rsquo;elle la saison id\u00e9ale pour d\u00e9guster des produits locaux tels que les hu\u00eetres fra\u00eeches, les fruits de mer, les pommes de terre nouvelles, etc.<\/p>\n<p><\/p>\n<p class=\"has-small-font-size\">De plus, il s&rsquo;agit aussi d&rsquo;une bonne p\u00e9riode pour d\u00e9couvrir le riche patrimoine de l&rsquo;<strong>\u00eele de R\u00e9<\/strong>. Ainsi, par la visite de mus\u00e9e, d&rsquo;\u00e9glises ou encore des villages pittoresques de l&rsquo;\u00eele, impr\u00e9gnez-vous de l&rsquo;histoire et des traditions r\u00e9taises.<\/p>\n<p><\/p>\n<p class=\"has-small-font-size\">Et surtout, la nature aux couleurs de l&rsquo;automne associ\u00e9e au bleu de l&rsquo;oc\u00e9an et au dor\u00e9 du sable, voil\u00e0 la vue que vous pourrez admirer depuis nos villas. Se reposer, s&rsquo;extasier de la douceur de l&rsquo;\u00eele sur la terrasse, profiter d&rsquo;un moment de d\u00e9tente au bord de la piscine priv\u00e9e et chauff\u00e9e ou encore se blottir dans les lits douillets de nos chambres, c&rsquo;est ce que nous vous proposons chez <strong><a href=\"https:\/\/www.travelparadise.fr\/\">Travel Paradise<\/a><\/strong>.<\/p>\t\t\t\t\t\t<\/div>\n\t\t\t\t<\/div>\n\t\t\t\t\t<\/div>\n\t\t<\/div>\n\t\t\t\t\t\t\t<\/div>\n\t\t<\/section>\n\t\t\t\t<section class=\"elementor-section elementor-top-section elementor-element elementor-element-02ed030 elementor-section-boxed elementor-section-height-default elementor-section-height-default\" data-id=\"02ed030\" data-element_type=\"section\">\n\t\t\t\t\t\t<div class=\"elementor-container elementor-column-gap-default\">\n\t\t\t\t\t<div class=\"elementor-column elementor-col-100 elementor-top-column elementor-element elementor-element-e3354bc\" data-id=\"e3354bc\" data-element_type=\"column\">\n\t\t\t<div class=\"elementor-widget-wrap elementor-element-populated\">\n\t\t\t\t\t\t\t\t<div class=\"elementor-element elementor-element-d305fe0 elementor-widget elementor-widget-heading\" data-id=\"d305fe0\" data-element_type=\"widget\" data-widget_type=\"heading.default\">\n\t\t\t\t<div class=\"elementor-widget-container\">\n\t\t\t<h2 class=\"elementor-heading-title elementor-size-default\">L'\u00eele de R\u00e9, une merveille \u00e0 chaque saison\u00a0<\/h2>\t\t<\/div>\n\t\t\t\t<\/div>\n\t\t\t\t\t<\/div>\n\t\t<\/div>\n\t\t\t\t\t\t\t<\/div>\n\t\t<\/section>\n\t\t\t\t<section class=\"elementor-section elementor-top-section elementor-element elementor-element-c326918 elementor-section-boxed elementor-section-height-default elementor-section-height-default\" data-id=\"c326918\" data-element_type=\"section\">\n\t\t\t\t\t\t<div class=\"elementor-container elementor-column-gap-default\">\n\t\t\t\t\t<div class=\"elementor-column elementor-col-100 elementor-top-column elementor-element elementor-element-353c5c4\" data-id=\"353c5c4\" data-element_type=\"column\">\n\t\t\t<div class=\"elementor-widget-wrap elementor-element-populated\">\n\t\t\t\t\t\t\t\t<div class=\"elementor-element elementor-element-0c26f3b elementor-widget elementor-widget-text-editor\" data-id=\"0c26f3b\" data-element_type=\"widget\" data-widget_type=\"text-editor.default\">\n\t\t\t\t<div class=\"elementor-widget-container\">\n\t\t\t\t\t\t\t<p class=\"has-small-font-size\">Vous l&rsquo;aurez compris, l&rsquo;<a href=\"https:\/\/www.iledere.com\/\">\u00eele de R\u00e9<\/a> est une destination privil\u00e9gi\u00e9e en France quelle que soit la saison de vos prochaines vacances. N&rsquo;attendez plus, r\u00e9servez vite votre villa avec nous, <strong>Travel Paradise<\/strong> !\u00a0<\/p>\n<p><\/p>\n<p><\/p>\n<h3 class=\"wp-block-heading has-medium-font-size\">Qui sommes-nous?<\/h3>\n<p><\/p>\n<p class=\"has-small-font-size\">Vous avez envie de soleil et de farniente autour de la piscine ou de vous sentir les pieds dans l&rsquo;eau comme en Corse ? Une solution : prendre une location de villa chez <a href=\"https:\/\/www.travelparadise.fr\/\">Travel Paradise<\/a>.<\/p>\n<p><\/p>\n<p class=\"has-small-font-size\">Le soleil, le sable, mais surtout la piscine priv\u00e9e et chauff\u00e9e, voil\u00e0 quelques avantages des <a href=\"https:\/\/www.travelparadise.fr\/location\/locations-ile-de-re-z3166\/\">locations d&rsquo;h\u00e9bergements<\/a> chez <strong>Travel Paradise<\/strong>. Nos h\u00e9bergements ont une capacit\u00e9 diff\u00e9rente et adapt\u00e9e \u00e0 toute famille, de 2 pers \u00e0 10 personnes. Les villas sont \u00e9quip\u00e9es pour r\u00e9pondre \u00e0 tous vos besoins et b\u00e9n\u00e9ficient toutes d&rsquo;une piscine. Aussi, elles sont \u00e0 la location \u00e0 l&rsquo;ann\u00e9e.<\/p>\n<p><\/p>\n<p class=\"has-small-font-size\">Si vous souhaitais plus d&rsquo;informations sur nous ou sur nos villas, vous retrouverez <strong><a href=\"https:\/\/www.travelparadise.fr\/\">ici<\/a> <\/strong>toutes les informations dont vous avez besoin. Si vous souhaitez des renseignements compl\u00e9mentaires n&rsquo;h\u00e9sitez pas \u00e0 nous contacter, notre \u00e9quipe sera heureuse de vous aider.<\/p>\n<p><\/p>\n<figure class=\"wp-block-image aligncenter size-full is-resized\"><img loading=\"lazy\" decoding=\"async\" width=\"1496\" height=\"347\" class=\"wp-image-805\" style=\"width: 384px; height: auto;\" src=\"https:\/\/www.travelparadise.fr\/blog\/wp-content\/uploads\/2024\/05\/image-15.png\" alt=\"\" srcset=\"https:\/\/www.travelparadise.fr\/blog\/wp-content\/uploads\/2024\/05\/image-15.png 1496w, https:\/\/www.travelparadise.fr\/blog\/wp-content\/uploads\/2024\/05\/image-15-768x178.png 768w\" sizes=\"auto, (max-width: 1496px) 100vw, 1496px\" \/><\/figure>\t\t\t\t\t\t<\/div>\n\t\t\t\t<\/div>\n\t\t\t\t\t<\/div>\n\t\t<\/div>\n\t\t\t\t\t\t\t<\/div>\n\t\t<\/section>\n\t\t\t\t\t\t\t<\/div>\n\t\t","protected":false},"excerpt":{"rendered":"<p>Quelle saison pour louer une villa sur l&rsquo;\u00eele de R\u00e9 ? L&rsquo;\u00cele de R\u00e9 attirent de nombreux voyageurs tout au&#8230;<\/p>\n","protected":false},"author":2,"featured_media":1275,"comment_status":"open","ping_status":"open","sticky":false,"template":"","format":"standard","meta":{"footnotes":""},"categories":[19],"tags":[],"class_list":["post-770","post","type-post","status-publish","format-standard","has-post-thumbnail","hentry","category-blog"],"yoast_head":"<!-- This site is optimized with the Yoast SEO plugin v20.3 - https:\/\/yoast.com\/wordpress\/plugins\/seo\/ -->\n<title>Quelle saison pour louer une villa sur l&#039;\u00eele de R\u00e9 ? - Blog<\/title>\n<meta name=\"description\" content=\"Louer une villa sur l&#039;\u00eele de R\u00e9 : faut-il opter pour le calme hivernal, la douceur printani\u00e8re, le soleil estival ou la qui\u00e9tude automnale ?\" \/>\n<meta name=\"robots\" content=\"index, follow, max-snippet:-1, max-image-preview:large, max-video-preview:-1\" \/>\n<link rel=\"canonical\" href=\"https:\/\/www.travelparadise.fr\/blog\/quelle-saison-pour-louer-une-villa-sur-lile-de-re\/\" \/>\n<meta property=\"og:locale\" content=\"fr_FR\" \/>\n<meta property=\"og:type\" content=\"article\" \/>\n<meta property=\"og:title\" content=\"Quelle saison pour louer une villa sur l&#039;\u00eele de R\u00e9 ? - Blog\" \/>\n<meta property=\"og:description\" content=\"Louer une villa sur l&#039;\u00eele de R\u00e9 : faut-il opter pour le calme hivernal, la douceur printani\u00e8re, le soleil estival ou la qui\u00e9tude automnale ?\" \/>\n<meta property=\"og:url\" content=\"https:\/\/www.travelparadise.fr\/blog\/quelle-saison-pour-louer-une-villa-sur-lile-de-re\/\" \/>\n<meta property=\"og:site_name\" content=\"Blog\" \/>\n<meta property=\"article:published_time\" content=\"2024-05-11T10:09:14+00:00\" \/>\n<meta property=\"article:modified_time\" content=\"2024-10-08T08:41:39+00:00\" \/>\n<meta property=\"og:image\" content=\"https:\/\/www.travelparadise.fr\/blog\/wp-content\/uploads\/2024\/05\/Domaines-de-stours.jpg\" \/>\n\t<meta property=\"og:image:width\" content=\"2560\" \/>\n\t<meta property=\"og:image:height\" content=\"1707\" \/>\n\t<meta property=\"og:image:type\" content=\"image\/jpeg\" \/>\n<meta name=\"author\" content=\"travelparadise\" \/>\n<meta name=\"twitter:card\" content=\"summary_large_image\" \/>\n<meta name=\"twitter:label1\" content=\"\u00c9crit par\" \/>\n\t<meta name=\"twitter:data1\" content=\"travelparadise\" \/>\n\t<meta name=\"twitter:label2\" content=\"Dur\u00e9e de lecture estim\u00e9e\" \/>\n\t<meta name=\"twitter:data2\" content=\"6 minutes\" \/>\n<script type=\"application\/ld+json\" class=\"yoast-schema-graph\">{\"@context\":\"https:\/\/schema.org\",\"@graph\":[{\"@type\":\"WebPage\",\"@id\":\"https:\/\/www.travelparadise.fr\/blog\/quelle-saison-pour-louer-une-villa-sur-lile-de-re\/\",\"url\":\"https:\/\/www.travelparadise.fr\/blog\/quelle-saison-pour-louer-une-villa-sur-lile-de-re\/\",\"name\":\"Quelle saison pour louer une villa sur l'\u00eele de R\u00e9 ? - Blog\",\"isPartOf\":{\"@id\":\"https:\/\/www.travelparadise.fr\/blog\/#website\"},\"datePublished\":\"2024-05-11T10:09:14+00:00\",\"dateModified\":\"2024-10-08T08:41:39+00:00\",\"author\":{\"@id\":\"https:\/\/www.travelparadise.fr\/blog\/#\/schema\/person\/ed2001af629a3e10f958897e149d0ac1\"},\"description\":\"Louer une villa sur l'\u00eele de R\u00e9 : faut-il opter pour le calme hivernal, la douceur printani\u00e8re, le soleil estival ou la qui\u00e9tude automnale ?\",\"breadcrumb\":{\"@id\":\"https:\/\/www.travelparadise.fr\/blog\/quelle-saison-pour-louer-une-villa-sur-lile-de-re\/#breadcrumb\"},\"inLanguage\":\"fr-FR\",\"potentialAction\":[{\"@type\":\"ReadAction\",\"target\":[\"https:\/\/www.travelparadise.fr\/blog\/quelle-saison-pour-louer-une-villa-sur-lile-de-re\/\"]}]},{\"@type\":\"BreadcrumbList\",\"@id\":\"https:\/\/www.travelparadise.fr\/blog\/quelle-saison-pour-louer-une-villa-sur-lile-de-re\/#breadcrumb\",\"itemListElement\":[{\"@type\":\"ListItem\",\"position\":1,\"name\":\"Accueil\",\"item\":\"https:\/\/www.travelparadise.fr\/blog\/\"},{\"@type\":\"ListItem\",\"position\":2,\"name\":\"Quelle saison pour louer une villa sur l&rsquo;\u00eele de R\u00e9 ?\"}]},{\"@type\":\"WebSite\",\"@id\":\"https:\/\/www.travelparadise.fr\/blog\/#website\",\"url\":\"https:\/\/www.travelparadise.fr\/blog\/\",\"name\":\"Blog sur l'\u00cele de R\u00e9\",\"description\":\"Location de vacances de luxe \u00cele de R\u00e9 - TravelParadise.fr\",\"alternateName\":\"Blog sur l'\u00cele de R\u00e9\",\"potentialAction\":[{\"@type\":\"SearchAction\",\"target\":{\"@type\":\"EntryPoint\",\"urlTemplate\":\"https:\/\/www.travelparadise.fr\/blog\/?s={search_term_string}\"},\"query-input\":\"required name=search_term_string\"}],\"inLanguage\":\"fr-FR\"},{\"@type\":\"Person\",\"@id\":\"https:\/\/www.travelparadise.fr\/blog\/#\/schema\/person\/ed2001af629a3e10f958897e149d0ac1\",\"name\":\"travelparadise\",\"image\":{\"@type\":\"ImageObject\",\"inLanguage\":\"fr-FR\",\"@id\":\"https:\/\/www.travelparadise.fr\/blog\/#\/schema\/person\/image\/\",\"url\":\"https:\/\/secure.gravatar.com\/avatar\/6f4f7cc27cad962dac233b4df73e88870445d6f46c799440318bb409fc4cd9da?s=96&d=mm&r=g\",\"contentUrl\":\"https:\/\/secure.gravatar.com\/avatar\/6f4f7cc27cad962dac233b4df73e88870445d6f46c799440318bb409fc4cd9da?s=96&d=mm&r=g\",\"caption\":\"travelparadise\"},\"url\":\"https:\/\/www.travelparadise.fr\/blog\/author\/travelparadise\/\"}]}<\/script>\n<!-- \/ Yoast SEO plugin. -->","yoast_head_json":{"title":"Quelle saison pour louer une villa sur l'\u00eele de R\u00e9 ? - Blog","description":"Louer une villa sur l'\u00eele de R\u00e9 : faut-il opter pour le calme hivernal, la douceur printani\u00e8re, le soleil estival ou la qui\u00e9tude automnale ?","robots":{"index":"index","follow":"follow","max-snippet":"max-snippet:-1","max-image-preview":"max-image-preview:large","max-video-preview":"max-video-preview:-1"},"canonical":"https:\/\/www.travelparadise.fr\/blog\/quelle-saison-pour-louer-une-villa-sur-lile-de-re\/","og_locale":"fr_FR","og_type":"article","og_title":"Quelle saison pour louer une villa sur l'\u00eele de R\u00e9 ? - Blog","og_description":"Louer une villa sur l'\u00eele de R\u00e9 : faut-il opter pour le calme hivernal, la douceur printani\u00e8re, le soleil estival ou la qui\u00e9tude automnale ?","og_url":"https:\/\/www.travelparadise.fr\/blog\/quelle-saison-pour-louer-une-villa-sur-lile-de-re\/","og_site_name":"Blog","article_published_time":"2024-05-11T10:09:14+00:00","article_modified_time":"2024-10-08T08:41:39+00:00","og_image":[{"width":2560,"height":1707,"url":"https:\/\/www.travelparadise.fr\/blog\/wp-content\/uploads\/2024\/05\/Domaines-de-stours.jpg","type":"image\/jpeg"}],"author":"travelparadise","twitter_card":"summary_large_image","twitter_misc":{"\u00c9crit par":"travelparadise","Dur\u00e9e de lecture estim\u00e9e":"6 minutes"},"schema":{"@context":"https:\/\/schema.org","@graph":[{"@type":"WebPage","@id":"https:\/\/www.travelparadise.fr\/blog\/quelle-saison-pour-louer-une-villa-sur-lile-de-re\/","url":"https:\/\/www.travelparadise.fr\/blog\/quelle-saison-pour-louer-une-villa-sur-lile-de-re\/","name":"Quelle saison pour louer une villa sur l'\u00eele de R\u00e9 ? - Blog","isPartOf":{"@id":"https:\/\/www.travelparadise.fr\/blog\/#website"},"datePublished":"2024-05-11T10:09:14+00:00","dateModified":"2024-10-08T08:41:39+00:00","author":{"@id":"https:\/\/www.travelparadise.fr\/blog\/#\/schema\/person\/ed2001af629a3e10f958897e149d0ac1"},"description":"Louer une villa sur l'\u00eele de R\u00e9 : faut-il opter pour le calme hivernal, la douceur printani\u00e8re, le soleil estival ou la qui\u00e9tude automnale ?","breadcrumb":{"@id":"https:\/\/www.travelparadise.fr\/blog\/quelle-saison-pour-louer-une-villa-sur-lile-de-re\/#breadcrumb"},"inLanguage":"fr-FR","potentialAction":[{"@type":"ReadAction","target":["https:\/\/www.travelparadise.fr\/blog\/quelle-saison-pour-louer-une-villa-sur-lile-de-re\/"]}]},{"@type":"BreadcrumbList","@id":"https:\/\/www.travelparadise.fr\/blog\/quelle-saison-pour-louer-une-villa-sur-lile-de-re\/#breadcrumb","itemListElement":[{"@type":"ListItem","position":1,"name":"Accueil","item":"https:\/\/www.travelparadise.fr\/blog\/"},{"@type":"ListItem","position":2,"name":"Quelle saison pour louer une villa sur l&rsquo;\u00eele de R\u00e9 ?"}]},{"@type":"WebSite","@id":"https:\/\/www.travelparadise.fr\/blog\/#website","url":"https:\/\/www.travelparadise.fr\/blog\/","name":"Blog sur l'\u00cele de R\u00e9","description":"Location de vacances de luxe \u00cele de R\u00e9 - TravelParadise.fr","alternateName":"Blog sur l'\u00cele de R\u00e9","potentialAction":[{"@type":"SearchAction","target":{"@type":"EntryPoint","urlTemplate":"https:\/\/www.travelparadise.fr\/blog\/?s={search_term_string}"},"query-input":"required name=search_term_string"}],"inLanguage":"fr-FR"},{"@type":"Person","@id":"https:\/\/www.travelparadise.fr\/blog\/#\/schema\/person\/ed2001af629a3e10f958897e149d0ac1","name":"travelparadise","image":{"@type":"ImageObject","inLanguage":"fr-FR","@id":"https:\/\/www.travelparadise.fr\/blog\/#\/schema\/person\/image\/","url":"https:\/\/secure.gravatar.com\/avatar\/6f4f7cc27cad962dac233b4df73e88870445d6f46c799440318bb409fc4cd9da?s=96&d=mm&r=g","contentUrl":"https:\/\/secure.gravatar.com\/avatar\/6f4f7cc27cad962dac233b4df73e88870445d6f46c799440318bb409fc4cd9da?s=96&d=mm&r=g","caption":"travelparadise"},"url":"https:\/\/www.travelparadise.fr\/blog\/author\/travelparadise\/"}]}},"_links":{"self":[{"href":"https:\/\/www.travelparadise.fr\/blog\/wp-json\/wp\/v2\/posts\/770","targetHints":{"allow":["GET"]}}],"collection":[{"href":"https:\/\/www.travelparadise.fr\/blog\/wp-json\/wp\/v2\/posts"}],"about":[{"href":"https:\/\/www.travelparadise.fr\/blog\/wp-json\/wp\/v2\/types\/post"}],"author":[{"embeddable":true,"href":"https:\/\/www.travelparadise.fr\/blog\/wp-json\/wp\/v2\/users\/2"}],"replies":[{"embeddable":true,"href":"https:\/\/www.travelparadise.fr\/blog\/wp-json\/wp\/v2\/comments?post=770"}],"version-history":[{"count":13,"href":"https:\/\/www.travelparadise.fr\/blog\/wp-json\/wp\/v2\/posts\/770\/revisions"}],"predecessor-version":[{"id":1437,"href":"https:\/\/www.travelparadise.fr\/blog\/wp-json\/wp\/v2\/posts\/770\/revisions\/1437"}],"wp:featuredmedia":[{"embeddable":true,"href":"https:\/\/www.travelparadise.fr\/blog\/wp-json\/wp\/v2\/media\/1275"}],"wp:attachment":[{"href":"https:\/\/www.travelparadise.fr\/blog\/wp-json\/wp\/v2\/media?parent=770"}],"wp:term":[{"taxonomy":"category","embeddable":true,"href":"https:\/\/www.travelparadise.fr\/blog\/wp-json\/wp\/v2\/categories?post=770"},{"taxonomy":"post_tag","embeddable":true,"href":"https:\/\/www.travelparadise.fr\/blog\/wp-json\/wp\/v2\/tags?post=770"}],"curies":[{"name":"wp","href":"https:\/\/api.w.org\/{rel}","templated":true}]}}