{"id":161,"date":"2023-03-11T14:21:59","date_gmt":"2023-03-11T14:21:59","guid":{"rendered":"https:\/\/www.travelparadise.fr\/blog\/?p=161"},"modified":"2024-10-08T11:03:55","modified_gmt":"2024-10-08T11:03:55","slug":"levers-couchers-de-soleil-ile-de-re","status":"publish","type":"post","link":"https:\/\/www.travelparadise.fr\/blog\/levers-couchers-de-soleil-ile-de-re\/","title":{"rendered":"Levers et couchers de soleil sur l\u2019\u00cele de R\u00e9"},"content":{"rendered":"\t\t<div data-elementor-type=\"wp-post\" data-elementor-id=\"161\" class=\"elementor elementor-161\">\n\t\t\t\t\t\t\t\t\t<section class=\"elementor-section elementor-top-section elementor-element elementor-element-18ecaa44 elementor-section-boxed elementor-section-height-default elementor-section-height-default\" data-id=\"18ecaa44\" data-element_type=\"section\">\n\t\t\t\t\t\t<div class=\"elementor-container elementor-column-gap-default\">\n\t\t\t\t\t<div class=\"elementor-column elementor-col-100 elementor-top-column elementor-element elementor-element-5a0db670\" data-id=\"5a0db670\" data-element_type=\"column\">\n\t\t\t<div class=\"elementor-widget-wrap elementor-element-populated\">\n\t\t\t\t\t\t\t\t<div class=\"elementor-element elementor-element-72e2b136 elementor-widget elementor-widget-text-editor\" data-id=\"72e2b136\" data-element_type=\"widget\" data-widget_type=\"text-editor.default\">\n\t\t\t\t<div class=\"elementor-widget-container\">\n\t\t\t<style>\/*! elementor - v3.11.5 - 14-03-2023 *\/\n.elementor-widget-text-editor.elementor-drop-cap-view-stacked .elementor-drop-cap{background-color:#818a91;color:#fff}.elementor-widget-text-editor.elementor-drop-cap-view-framed .elementor-drop-cap{color:#818a91;border:3px solid;background-color:transparent}.elementor-widget-text-editor:not(.elementor-drop-cap-view-default) .elementor-drop-cap{margin-top:8px}.elementor-widget-text-editor:not(.elementor-drop-cap-view-default) .elementor-drop-cap-letter{width:1em;height:1em}.elementor-widget-text-editor .elementor-drop-cap{float:left;text-align:center;line-height:1;font-size:50px}.elementor-widget-text-editor .elementor-drop-cap-letter{display:inline-block}<\/style>\t\t\t\t\n<p><a href=\"https:\/\/www.travelparadise.fr\/blog\/\">Revenir au blog<\/a><\/p>\n\n\n\n<p>Vous \u00eates \u00e0 la recherche de levers\/couchers de soleil spectaculaires lors de vos vacances sur l\u2019\u00cele de R\u00e9&nbsp;? Cet article vous en dit plus sur les horaires ainsi que sur les endroits id\u00e9aux afin de faire de ce moment, une exp\u00e9rience unique. Sur l\u2019\u00eele, les couleurs de ces ph\u00e9nom\u00e8nes sont exceptionnelles et surtout \u00e0 ne pas manquer. Voici les meilleurs spots pour admirer le lever et le coucher de soleil sur l&rsquo;\u00eele de R\u00e9.<\/p>\n\n\n\n<h2 class=\"wp-block-heading\"><strong>Plage de la Conche \u00e0 Saint-Cl\u00e9ment-des-Baleines<\/strong><\/h2>\n\n\n\n<figure class=\"wp-block-image size-large is-resized\"><img loading=\"lazy\" decoding=\"async\" width=\"1920\" height=\"630\" src=\"https:\/\/www.travelparadise.fr\/blog\/wp-content\/uploads\/2023\/03\/Couche-de-soleil-ile-de-re-1-1920x630.jpg\" alt=\"Levers et Couchers de soleil sur l\u2019\u00cele de R\u00e9 - Plage de la Conche \u00e0 Saint-Cl\u00e9ment-des-Baleines\" class=\"wp-image-164\" style=\"width:587px;height:192px\" title=\"Levers et Couchers de soleil sur l\u2019\u00cele de R\u00e9\"\/><figcaption class=\"wp-element-caption\"><strong>Plage de la Conche \u00e0 Saint-Cl\u00e9ment-des-Baleines<\/strong><\/figcaption><\/figure>\n\n\n\n<p>Un des plus beaux spots de l\u2019\u00eele de r\u00e9, la plage de la Conche, vous offre un spectacle dans le ciel avec une vue imprenable sur le phare des baleines et l\u2019horizon&nbsp;! Prenez le temps d\u2019appr\u00e9cier ce ph\u00e9nom\u00e8ne et d\u2019observer ses vives couleurs. Cela ne pourra qu\u2019\u00eatre apaisant pour commencer ou finir votre journ\u00e9e.<\/p>\n\n\n\n<p>Pour plus d\u2019informations concernant les horaires du soleil, n\u2019h\u00e9sitez pas \u00e0 cliquer <a href=\"https:\/\/www.proxiti.info\/horaires_soleil.php?o=17318\">ici<\/a>.<\/p>\n\n\n\n<p>Petites informations compl\u00e9mentaires&nbsp;:<\/p>\n\n\n\n<p>Le jour le plus court, en 2022, \u00e0 Saint-Cl\u00e9ment-des-Baleines, est le 20 d\u00e9cembre. Tandis que le jour le plus long, en 2022, est le 20 juin.<\/p>\n\n\n\n<h2 class=\"wp-block-heading\"><strong>Le Port de Saint-Martin-De-R\u00e9<\/strong> &#8211; <strong>Levers et couchers de soleil sur l&rsquo;\u00eele de r\u00e9<\/strong><\/h2>\n\n\n\n<figure class=\"wp-block-image size-full is-resized\"><img loading=\"lazy\" decoding=\"async\" width=\"463\" height=\"307\" src=\"https:\/\/www.travelparadise.fr\/blog\/wp-content\/uploads\/2023\/03\/Levers-et-couches-de-soleil-ile-de-re.jpg\" alt=\"levers et couchers de soleil \u00eele de r\u00e9\" class=\"wp-image-171\" style=\"width:554px;height:367px\" title=\"levers et couchers de soleil \u00eele de r\u00e9\"\/><figcaption class=\"wp-element-caption\">Le port de Saint-Martin-de-R\u00e9<\/figcaption><\/figure>\n\n\n\n<p>Saint-Martin-de-R\u00e9, principal centre touristique de l\u2019\u00cele de R\u00e9, est id\u00e9al pour se promener et d\u00e9couvrir une partie de l\u2019histoire de l\u2019\u00eele et ses fortifications qui entourent le port et les commerces. Lorsque le soleil se m\u00eale \u00e0 ce paysage, la beaut\u00e9 en est tout de suite plus lumineuse. En effet, les couleurs du ciel sont \u00e9tonnantes et un vrai spectacle s\u2019offrira \u00e0 vous&nbsp;! Pour plus d\u2019informations concernant les horaires du soleil, n\u2019h\u00e9sitez pas \u00e0 cliquer <a href=\"https:\/\/www.proxiti.info\/horaires_soleil.php?o=17369\">ici<\/a>.<\/p>\n\n\n\n<h2 class=\"wp-block-heading\"><strong>Plage des Gollandi\u00e8res au Bois-Plage-en R\u00e9<\/strong><\/h2>\n\n\n\n<figure class=\"wp-block-image size-large is-resized\"><img loading=\"lazy\" decoding=\"async\" width=\"974\" height=\"630\" src=\"https:\/\/www.travelparadise.fr\/blog\/wp-content\/uploads\/2023\/03\/bois-plage-ile-de-re-974x630.jpg\" alt=\"Levers et Couchers de soleil sur l\u2019\u00cele de R\u00e9 - Bois plage\" class=\"wp-image-179\" style=\"width:552px;height:357px\" title=\"Levers et Couchers de soleil sur l\u2019\u00cele de R\u00e9 - Bois plage\"\/><figcaption class=\"wp-element-caption\">La Page du Bois Plage sur l&rsquo;\u00cele de R\u00e9<\/figcaption><\/figure>\n\n\n\n<p>Quoi de mieux que de se balader sur la plage, les pieds dans le sable fin, face au lever\/coucher du soleil&nbsp;? Profitez d\u2019un panorama remarquable \u00e0 180 degr\u00e9s sur le sable fin, qui s\u2019\u00e9tend sur des kilom\u00e8tres o\u00f9 vous aurez une vue sur la pointe d\u2019Ars-en-R\u00e9. Pour prendre de magnifiques photos ou pour profiter d\u2019un moment en amoureux, n\u2019h\u00e9sitez pas, ce coin de paradis est fait pour vous&nbsp;! Pour plus d\u2019informations concernant les horaires du soleil, n\u2019h\u00e9sitez pas \u00e0 cliquer <a href=\"https:\/\/proxiti.info\/horaires_soleil.php?o=17051\">ici<\/a>.<\/p>\n\n\n\n<h2 class=\"wp-block-heading\"><strong>Plage de Grignon d\u2019Ars-en-R\u00e9<\/strong> <strong>&#8211; Levers et couchers de soleil \u00cele de R\u00e9<\/strong><\/h2>\n\n\n\n<figure class=\"wp-block-image size-full is-resized\"><img loading=\"lazy\" decoding=\"async\" width=\"700\" height=\"466\" src=\"https:\/\/www.travelparadise.fr\/blog\/wp-content\/uploads\/2023\/03\/Plage_ars-en-re-2.jpg\" alt=\"Plage de Grignon d\u2019Ars-en-R\u00e9 - Levers et couchers de soleil \u00cele de R\u00e9\" class=\"wp-image-186\" style=\"width:559px;height:372px\" title=\"Plage de Grignon d\u2019Ars-en-R\u00e9 - Levers et couchers de soleil \u00cele de R\u00e9\"\/><figcaption class=\"wp-element-caption\"><strong>Plage de Grignon d\u2019Ars-en-R\u00e9<\/strong><\/figcaption><\/figure>\n\n\n\n<p>\u00c9galement spot de surf fran\u00e7ais, la plage de Grignon, est un havre de paix o\u00f9 vous pourrez effectuer <a href=\"https:\/\/www.travelparadise.fr\/blog\/activites-vacances-ile-de-re\/\">de jolies promenades \u00e0 pied<\/a> ou en paddle. Tr\u00e9sor cach\u00e9 des locaux, ce lieu est propice pour admirer un magnifique lever\/coucher de soleil dans un cadre silencieux. Vous aurez l\u2019impression d\u2019\u00eatre le seul \u00e0 ce moment pr\u00e9cis.\u00a0<\/p>\n\n\n\n<p>Pour plus d\u2019informations concernant les horaires du soleil, n\u2019h\u00e9sitez pas \u00e0 cliquer <a href=\"https:\/\/www.proxiti.info\/horaires_soleil.php?o=17019\">ici<\/a>, ou visitez le site de l\u2019Office du Tourisme de l\u2019\u00cele de R\u00e9: <a href=\"https:\/\/www.iledere.com\">https:\/\/www.iledere.com<\/a><\/p>\n\n\n\n<p>Travel Paradise, concept novateur pour la location de villa sur l\u2019Ile de R\u00e9. Des s\u00e9jours sur mesure pour des vacances exclusives. R\u00e9servez votre villa de vacances dans un cadre idyllique. Profitez de services h\u00f4teliers d\u2019exceptions. L&rsquo;exp\u00e9rience Travel Paradise vous attend en famille, entre amis ou en entreprise pour la location de maisons avec piscine sur l\u2019Ile de r\u00e9.<\/p>\n\t\t\t\t\t\t<\/div>\n\t\t\t\t<\/div>\n\t\t\t\t\t<\/div>\n\t\t<\/div>\n\t\t\t\t\t\t\t<\/div>\n\t\t<\/section>\n\t\t\t\t\t\t\t<\/div>\n\t\t","protected":false},"excerpt":{"rendered":"<p>Vous \u00eates \u00e0 la recherche de levers et couchers de soleil spectaculaires lors de vos vacances sur l\u2019\u00cele de R\u00e9 ? Cet article vous en dit plus sur les horaires ainsi que sur les endroits id\u00e9aux afin de faire de ce moment, une exp\u00e9rience unique. Sur l\u2019\u00eele, les couleurs de ces ph\u00e9nom\u00e8nes sont exceptionnelles et surtout \u00e0 ne pas manquer.<\/p>\n","protected":false},"author":2,"featured_media":162,"comment_status":"open","ping_status":"open","sticky":false,"template":"","format":"standard","meta":{"footnotes":""},"categories":[19],"tags":[20],"class_list":["post-161","post","type-post","status-publish","format-standard","has-post-thumbnail","hentry","category-blog","tag-blog"],"yoast_head":"<!-- This site is optimized with the Yoast SEO plugin v20.3 - https:\/\/yoast.com\/wordpress\/plugins\/seo\/ -->\n<title>Levers et couchers de soleil sur l\u2019\u00cele de R\u00e9 - Blog<\/title>\n<meta name=\"description\" content=\"Vous \u00eates \u00e0 la recherche de levers et couchers de soleil spectaculaires lors de vos vacances sur l\u2019\u00cele de R\u00e9 ? C&#039;est une exp\u00e9rience unique\" \/>\n<meta name=\"robots\" content=\"index, follow, max-snippet:-1, max-image-preview:large, max-video-preview:-1\" \/>\n<link rel=\"canonical\" href=\"https:\/\/www.travelparadise.fr\/blog\/levers-couchers-de-soleil-ile-de-re\/\" \/>\n<meta property=\"og:locale\" content=\"fr_FR\" \/>\n<meta property=\"og:type\" content=\"article\" \/>\n<meta property=\"og:title\" content=\"Levers et couchers de soleil sur l\u2019\u00cele de R\u00e9 - Blog\" \/>\n<meta property=\"og:description\" content=\"Vous \u00eates \u00e0 la recherche de levers et couchers de soleil spectaculaires lors de vos vacances sur l\u2019\u00cele de R\u00e9 ? C&#039;est une exp\u00e9rience unique\" \/>\n<meta property=\"og:url\" content=\"https:\/\/www.travelparadise.fr\/blog\/levers-couchers-de-soleil-ile-de-re\/\" \/>\n<meta property=\"og:site_name\" content=\"Blog\" \/>\n<meta property=\"article:published_time\" content=\"2023-03-11T14:21:59+00:00\" \/>\n<meta property=\"article:modified_time\" content=\"2024-10-08T11:03:55+00:00\" \/>\n<meta property=\"og:image\" content=\"https:\/\/www.travelparadise.fr\/blog\/wp-content\/uploads\/2023\/03\/Couche-de-soleil-ile-de-re.jpg\" \/>\n\t<meta property=\"og:image:width\" content=\"1024\" \/>\n\t<meta property=\"og:image:height\" content=\"683\" \/>\n\t<meta property=\"og:image:type\" content=\"image\/jpeg\" \/>\n<meta name=\"author\" content=\"travelparadise\" \/>\n<meta name=\"twitter:card\" content=\"summary_large_image\" \/>\n<meta name=\"twitter:label1\" content=\"\u00c9crit par\" \/>\n\t<meta name=\"twitter:data1\" content=\"travelparadise\" \/>\n\t<meta name=\"twitter:label2\" content=\"Dur\u00e9e de lecture estim\u00e9e\" \/>\n\t<meta name=\"twitter:data2\" content=\"4 minutes\" \/>\n<script type=\"application\/ld+json\" class=\"yoast-schema-graph\">{\"@context\":\"https:\/\/schema.org\",\"@graph\":[{\"@type\":\"WebPage\",\"@id\":\"https:\/\/www.travelparadise.fr\/blog\/levers-couchers-de-soleil-ile-de-re\/\",\"url\":\"https:\/\/www.travelparadise.fr\/blog\/levers-couchers-de-soleil-ile-de-re\/\",\"name\":\"Levers et couchers de soleil sur l\u2019\u00cele de R\u00e9 - Blog\",\"isPartOf\":{\"@id\":\"https:\/\/www.travelparadise.fr\/blog\/#website\"},\"datePublished\":\"2023-03-11T14:21:59+00:00\",\"dateModified\":\"2024-10-08T11:03:55+00:00\",\"author\":{\"@id\":\"https:\/\/www.travelparadise.fr\/blog\/#\/schema\/person\/ed2001af629a3e10f958897e149d0ac1\"},\"description\":\"Vous \u00eates \u00e0 la recherche de levers et couchers de soleil spectaculaires lors de vos vacances sur l\u2019\u00cele de R\u00e9 ? C'est une exp\u00e9rience unique\",\"breadcrumb\":{\"@id\":\"https:\/\/www.travelparadise.fr\/blog\/levers-couchers-de-soleil-ile-de-re\/#breadcrumb\"},\"inLanguage\":\"fr-FR\",\"potentialAction\":[{\"@type\":\"ReadAction\",\"target\":[\"https:\/\/www.travelparadise.fr\/blog\/levers-couchers-de-soleil-ile-de-re\/\"]}]},{\"@type\":\"BreadcrumbList\",\"@id\":\"https:\/\/www.travelparadise.fr\/blog\/levers-couchers-de-soleil-ile-de-re\/#breadcrumb\",\"itemListElement\":[{\"@type\":\"ListItem\",\"position\":1,\"name\":\"Accueil\",\"item\":\"https:\/\/www.travelparadise.fr\/blog\/\"},{\"@type\":\"ListItem\",\"position\":2,\"name\":\"Levers et couchers de soleil sur l\u2019\u00cele de R\u00e9\"}]},{\"@type\":\"WebSite\",\"@id\":\"https:\/\/www.travelparadise.fr\/blog\/#website\",\"url\":\"https:\/\/www.travelparadise.fr\/blog\/\",\"name\":\"Blog sur l'\u00cele de R\u00e9\",\"description\":\"Location de vacances de luxe \u00cele de R\u00e9 - TravelParadise.fr\",\"alternateName\":\"Blog sur l'\u00cele de R\u00e9\",\"potentialAction\":[{\"@type\":\"SearchAction\",\"target\":{\"@type\":\"EntryPoint\",\"urlTemplate\":\"https:\/\/www.travelparadise.fr\/blog\/?s={search_term_string}\"},\"query-input\":\"required name=search_term_string\"}],\"inLanguage\":\"fr-FR\"},{\"@type\":\"Person\",\"@id\":\"https:\/\/www.travelparadise.fr\/blog\/#\/schema\/person\/ed2001af629a3e10f958897e149d0ac1\",\"name\":\"travelparadise\",\"image\":{\"@type\":\"ImageObject\",\"inLanguage\":\"fr-FR\",\"@id\":\"https:\/\/www.travelparadise.fr\/blog\/#\/schema\/person\/image\/\",\"url\":\"https:\/\/secure.gravatar.com\/avatar\/6f4f7cc27cad962dac233b4df73e88870445d6f46c799440318bb409fc4cd9da?s=96&d=mm&r=g\",\"contentUrl\":\"https:\/\/secure.gravatar.com\/avatar\/6f4f7cc27cad962dac233b4df73e88870445d6f46c799440318bb409fc4cd9da?s=96&d=mm&r=g\",\"caption\":\"travelparadise\"},\"url\":\"https:\/\/www.travelparadise.fr\/blog\/author\/travelparadise\/\"}]}<\/script>\n<!-- \/ Yoast SEO plugin. -->","yoast_head_json":{"title":"Levers et couchers de soleil sur l\u2019\u00cele de R\u00e9 - Blog","description":"Vous \u00eates \u00e0 la recherche de levers et couchers de soleil spectaculaires lors de vos vacances sur l\u2019\u00cele de R\u00e9 ? C'est une exp\u00e9rience unique","robots":{"index":"index","follow":"follow","max-snippet":"max-snippet:-1","max-image-preview":"max-image-preview:large","max-video-preview":"max-video-preview:-1"},"canonical":"https:\/\/www.travelparadise.fr\/blog\/levers-couchers-de-soleil-ile-de-re\/","og_locale":"fr_FR","og_type":"article","og_title":"Levers et couchers de soleil sur l\u2019\u00cele de R\u00e9 - Blog","og_description":"Vous \u00eates \u00e0 la recherche de levers et couchers de soleil spectaculaires lors de vos vacances sur l\u2019\u00cele de R\u00e9 ? C'est une exp\u00e9rience unique","og_url":"https:\/\/www.travelparadise.fr\/blog\/levers-couchers-de-soleil-ile-de-re\/","og_site_name":"Blog","article_published_time":"2023-03-11T14:21:59+00:00","article_modified_time":"2024-10-08T11:03:55+00:00","og_image":[{"width":1024,"height":683,"url":"https:\/\/www.travelparadise.fr\/blog\/wp-content\/uploads\/2023\/03\/Couche-de-soleil-ile-de-re.jpg","type":"image\/jpeg"}],"author":"travelparadise","twitter_card":"summary_large_image","twitter_misc":{"\u00c9crit par":"travelparadise","Dur\u00e9e de lecture estim\u00e9e":"4 minutes"},"schema":{"@context":"https:\/\/schema.org","@graph":[{"@type":"WebPage","@id":"https:\/\/www.travelparadise.fr\/blog\/levers-couchers-de-soleil-ile-de-re\/","url":"https:\/\/www.travelparadise.fr\/blog\/levers-couchers-de-soleil-ile-de-re\/","name":"Levers et couchers de soleil sur l\u2019\u00cele de R\u00e9 - Blog","isPartOf":{"@id":"https:\/\/www.travelparadise.fr\/blog\/#website"},"datePublished":"2023-03-11T14:21:59+00:00","dateModified":"2024-10-08T11:03:55+00:00","author":{"@id":"https:\/\/www.travelparadise.fr\/blog\/#\/schema\/person\/ed2001af629a3e10f958897e149d0ac1"},"description":"Vous \u00eates \u00e0 la recherche de levers et couchers de soleil spectaculaires lors de vos vacances sur l\u2019\u00cele de R\u00e9 ? C'est une exp\u00e9rience unique","breadcrumb":{"@id":"https:\/\/www.travelparadise.fr\/blog\/levers-couchers-de-soleil-ile-de-re\/#breadcrumb"},"inLanguage":"fr-FR","potentialAction":[{"@type":"ReadAction","target":["https:\/\/www.travelparadise.fr\/blog\/levers-couchers-de-soleil-ile-de-re\/"]}]},{"@type":"BreadcrumbList","@id":"https:\/\/www.travelparadise.fr\/blog\/levers-couchers-de-soleil-ile-de-re\/#breadcrumb","itemListElement":[{"@type":"ListItem","position":1,"name":"Accueil","item":"https:\/\/www.travelparadise.fr\/blog\/"},{"@type":"ListItem","position":2,"name":"Levers et couchers de soleil sur l\u2019\u00cele de R\u00e9"}]},{"@type":"WebSite","@id":"https:\/\/www.travelparadise.fr\/blog\/#website","url":"https:\/\/www.travelparadise.fr\/blog\/","name":"Blog sur l'\u00cele de R\u00e9","description":"Location de vacances de luxe \u00cele de R\u00e9 - TravelParadise.fr","alternateName":"Blog sur l'\u00cele de R\u00e9","potentialAction":[{"@type":"SearchAction","target":{"@type":"EntryPoint","urlTemplate":"https:\/\/www.travelparadise.fr\/blog\/?s={search_term_string}"},"query-input":"required name=search_term_string"}],"inLanguage":"fr-FR"},{"@type":"Person","@id":"https:\/\/www.travelparadise.fr\/blog\/#\/schema\/person\/ed2001af629a3e10f958897e149d0ac1","name":"travelparadise","image":{"@type":"ImageObject","inLanguage":"fr-FR","@id":"https:\/\/www.travelparadise.fr\/blog\/#\/schema\/person\/image\/","url":"https:\/\/secure.gravatar.com\/avatar\/6f4f7cc27cad962dac233b4df73e88870445d6f46c799440318bb409fc4cd9da?s=96&d=mm&r=g","contentUrl":"https:\/\/secure.gravatar.com\/avatar\/6f4f7cc27cad962dac233b4df73e88870445d6f46c799440318bb409fc4cd9da?s=96&d=mm&r=g","caption":"travelparadise"},"url":"https:\/\/www.travelparadise.fr\/blog\/author\/travelparadise\/"}]}},"_links":{"self":[{"href":"https:\/\/www.travelparadise.fr\/blog\/wp-json\/wp\/v2\/posts\/161","targetHints":{"allow":["GET"]}}],"collection":[{"href":"https:\/\/www.travelparadise.fr\/blog\/wp-json\/wp\/v2\/posts"}],"about":[{"href":"https:\/\/www.travelparadise.fr\/blog\/wp-json\/wp\/v2\/types\/post"}],"author":[{"embeddable":true,"href":"https:\/\/www.travelparadise.fr\/blog\/wp-json\/wp\/v2\/users\/2"}],"replies":[{"embeddable":true,"href":"https:\/\/www.travelparadise.fr\/blog\/wp-json\/wp\/v2\/comments?post=161"}],"version-history":[{"count":20,"href":"https:\/\/www.travelparadise.fr\/blog\/wp-json\/wp\/v2\/posts\/161\/revisions"}],"predecessor-version":[{"id":1469,"href":"https:\/\/www.travelparadise.fr\/blog\/wp-json\/wp\/v2\/posts\/161\/revisions\/1469"}],"wp:featuredmedia":[{"embeddable":true,"href":"https:\/\/www.travelparadise.fr\/blog\/wp-json\/wp\/v2\/media\/162"}],"wp:attachment":[{"href":"https:\/\/www.travelparadise.fr\/blog\/wp-json\/wp\/v2\/media?parent=161"}],"wp:term":[{"taxonomy":"category","embeddable":true,"href":"https:\/\/www.travelparadise.fr\/blog\/wp-json\/wp\/v2\/categories?post=161"},{"taxonomy":"post_tag","embeddable":true,"href":"https:\/\/www.travelparadise.fr\/blog\/wp-json\/wp\/v2\/tags?post=161"}],"curies":[{"name":"wp","href":"https:\/\/api.w.org\/{rel}","templated":true}]}}