{"id":1543,"date":"2024-10-23T13:21:22","date_gmt":"2024-10-23T13:21:22","guid":{"rendered":"https:\/\/www.travelparadise.fr\/blog\/?p=1543"},"modified":"2024-10-30T14:28:36","modified_gmt":"2024-10-30T14:28:36","slug":"festival-jazz-ile-de-re","status":"publish","type":"post","link":"https:\/\/www.travelparadise.fr\/blog\/festival-jazz-ile-de-re\/","title":{"rendered":"Quand pr\u00e9voir sa location de vacances \u00e0 l&rsquo;\u00eele de R\u00e9 pour profiter d&rsquo;un festival de jazz ?\u00a0"},"content":{"rendered":"\t\t<div data-elementor-type=\"wp-post\" data-elementor-id=\"1543\" class=\"elementor elementor-1543\">\n\t\t\t\t\t\t\t\t\t<section class=\"elementor-section elementor-top-section elementor-element elementor-element-1c21217 elementor-section-boxed elementor-section-height-default elementor-section-height-default\" data-id=\"1c21217\" data-element_type=\"section\">\n\t\t\t\t\t\t<div class=\"elementor-container elementor-column-gap-default\">\n\t\t\t\t\t<div class=\"elementor-column elementor-col-100 elementor-top-column elementor-element elementor-element-4213d05\" data-id=\"4213d05\" data-element_type=\"column\">\n\t\t\t<div class=\"elementor-widget-wrap elementor-element-populated\">\n\t\t\t\t\t\t\t\t<div class=\"elementor-element elementor-element-485d5d0 elementor-widget elementor-widget-text-editor\" data-id=\"485d5d0\" data-element_type=\"widget\" data-widget_type=\"text-editor.default\">\n\t\t\t\t<div class=\"elementor-widget-container\">\n\t\t\t<style>\/*! elementor - v3.11.5 - 14-03-2023 *\/\n.elementor-widget-text-editor.elementor-drop-cap-view-stacked .elementor-drop-cap{background-color:#818a91;color:#fff}.elementor-widget-text-editor.elementor-drop-cap-view-framed .elementor-drop-cap{color:#818a91;border:3px solid;background-color:transparent}.elementor-widget-text-editor:not(.elementor-drop-cap-view-default) .elementor-drop-cap{margin-top:8px}.elementor-widget-text-editor:not(.elementor-drop-cap-view-default) .elementor-drop-cap-letter{width:1em;height:1em}.elementor-widget-text-editor .elementor-drop-cap{float:left;text-align:center;line-height:1;font-size:50px}.elementor-widget-text-editor .elementor-drop-cap-letter{display:inline-block}<\/style>\t\t\t\t<p><strong>Le jazz<\/strong> est mis \u00e0 l&rsquo;honneur sur <strong>l&rsquo;\u00eele de R\u00e9<\/strong> et sur l&rsquo;\u00eele d&rsquo;Ol\u00e9ron. Plusieurs festivals ont lieu chaque \u00e9t\u00e9. Pour assister \u00e0 l&rsquo;un de ces <strong>concerts<\/strong>, faites votre r\u00e9servation de vacances pendant cette p\u00e9riode. Attention \u00e0 la disponibilit\u00e9 des <strong>locations<\/strong> ! Les<a href=\"https:\/\/www.travelparadise.fr\/\">\u00a0locations de vacances<\/a>\u00a0risquent d&rsquo;<strong>afficher complet.\u00a0<\/strong><\/p>\t\t\t\t\t\t<\/div>\n\t\t\t\t<\/div>\n\t\t\t\t\t<\/div>\n\t\t<\/div>\n\t\t\t\t\t\t\t<\/div>\n\t\t<\/section>\n\t\t\t\t<section class=\"elementor-section elementor-top-section elementor-element elementor-element-6348415 elementor-section-boxed elementor-section-height-default elementor-section-height-default\" data-id=\"6348415\" data-element_type=\"section\">\n\t\t\t\t\t\t<div class=\"elementor-container elementor-column-gap-default\">\n\t\t\t\t\t<div class=\"elementor-column elementor-col-50 elementor-top-column elementor-element elementor-element-8c8d50a\" data-id=\"8c8d50a\" data-element_type=\"column\">\n\t\t\t<div class=\"elementor-widget-wrap elementor-element-populated\">\n\t\t\t\t\t\t\t\t<div class=\"elementor-element elementor-element-aec8a3a elementor-widget elementor-widget-image\" data-id=\"aec8a3a\" data-element_type=\"widget\" data-widget_type=\"image.default\">\n\t\t\t\t<div class=\"elementor-widget-container\">\n\t\t\t<style>\/*! elementor - v3.11.5 - 14-03-2023 *\/\n.elementor-widget-image{text-align:center}.elementor-widget-image a{display:inline-block}.elementor-widget-image a img[src$=\".svg\"]{width:48px}.elementor-widget-image img{vertical-align:middle;display:inline-block}<\/style>\t\t\t\t\t\t\t\t\t\t\t\t<img loading=\"lazy\" decoding=\"async\" width=\"751\" height=\"1062\" src=\"https:\/\/www.travelparadise.fr\/blog\/wp-content\/uploads\/2024\/10\/affiche-JAP2024-sans-partenaires-768x1086.png\" class=\"attachment-medium_large size-medium_large wp-image-1547\" alt=\"\" srcset=\"https:\/\/www.travelparadise.fr\/blog\/wp-content\/uploads\/2024\/10\/affiche-JAP2024-sans-partenaires-768x1086.png 768w, https:\/\/www.travelparadise.fr\/blog\/wp-content\/uploads\/2024\/10\/affiche-JAP2024-sans-partenaires-1086x1536.png 1086w, https:\/\/www.travelparadise.fr\/blog\/wp-content\/uploads\/2024\/10\/affiche-JAP2024-sans-partenaires.png 1240w\" sizes=\"auto, (max-width: 751px) 100vw, 751px\" \/>\t\t\t\t\t\t\t\t\t\t\t\t\t\t\t<\/div>\n\t\t\t\t<\/div>\n\t\t\t\t\t<\/div>\n\t\t<\/div>\n\t\t\t\t<div class=\"elementor-column elementor-col-50 elementor-top-column elementor-element elementor-element-8181d1b\" data-id=\"8181d1b\" data-element_type=\"column\">\n\t\t\t<div class=\"elementor-widget-wrap elementor-element-populated\">\n\t\t\t\t\t\t\t\t<div class=\"elementor-element elementor-element-b57bbff elementor-widget elementor-widget-spacer\" data-id=\"b57bbff\" data-element_type=\"widget\" data-widget_type=\"spacer.default\">\n\t\t\t\t<div class=\"elementor-widget-container\">\n\t\t\t<style>\/*! elementor - v3.11.5 - 14-03-2023 *\/\n.elementor-column .elementor-spacer-inner{height:var(--spacer-size)}.e-con{--container-widget-width:100%}.e-con-inner>.elementor-widget-spacer,.e-con>.elementor-widget-spacer{width:var(--container-widget-width,var(--spacer-size));--align-self:var(--container-widget-align-self,initial);--flex-shrink:0}.e-con-inner>.elementor-widget-spacer>.elementor-widget-container,.e-con-inner>.elementor-widget-spacer>.elementor-widget-container>.elementor-spacer,.e-con>.elementor-widget-spacer>.elementor-widget-container,.e-con>.elementor-widget-spacer>.elementor-widget-container>.elementor-spacer{height:100%}.e-con-inner>.elementor-widget-spacer>.elementor-widget-container>.elementor-spacer>.elementor-spacer-inner,.e-con>.elementor-widget-spacer>.elementor-widget-container>.elementor-spacer>.elementor-spacer-inner{height:var(--container-widget-height,var(--spacer-size))}<\/style>\t\t<div class=\"elementor-spacer\">\n\t\t\t<div class=\"elementor-spacer-inner\"><\/div>\n\t\t<\/div>\n\t\t\t\t<\/div>\n\t\t\t\t<\/div>\n\t\t\t\t<div class=\"elementor-element elementor-element-cad48a6 elementor-widget elementor-widget-image\" data-id=\"cad48a6\" data-element_type=\"widget\" data-widget_type=\"image.default\">\n\t\t\t\t<div class=\"elementor-widget-container\">\n\t\t\t\t\t\t\t\t\t\t\t\t\t\t\t<img loading=\"lazy\" decoding=\"async\" width=\"500\" height=\"706\" src=\"https:\/\/www.travelparadise.fr\/blog\/wp-content\/uploads\/2024\/10\/affiche-jazzre_2024-V5def-web2-jpg.webp\" class=\"attachment-medium_large size-medium_large wp-image-1549\" alt=\"\" \/>\t\t\t\t\t\t\t\t\t\t\t\t\t\t\t<\/div>\n\t\t\t\t<\/div>\n\t\t\t\t\t<\/div>\n\t\t<\/div>\n\t\t\t\t\t\t\t<\/div>\n\t\t<\/section>\n\t\t\t\t<section class=\"elementor-section elementor-top-section elementor-element elementor-element-5340ae6e elementor-section-boxed elementor-section-height-default elementor-section-height-default\" data-id=\"5340ae6e\" data-element_type=\"section\">\n\t\t\t\t\t\t<div class=\"elementor-container elementor-column-gap-default\">\n\t\t\t\t\t<div class=\"elementor-column elementor-col-100 elementor-top-column elementor-element elementor-element-6348e5ae\" data-id=\"6348e5ae\" data-element_type=\"column\">\n\t\t\t<div class=\"elementor-widget-wrap elementor-element-populated\">\n\t\t\t\t\t\t\t\t<div class=\"elementor-element elementor-element-a7b935c elementor-widget elementor-widget-text-editor\" data-id=\"a7b935c\" data-element_type=\"widget\" data-widget_type=\"text-editor.default\">\n\t\t\t\t<div class=\"elementor-widget-container\">\n\t\t\t\t\t\t\t<h2 class=\"wp-block-heading\">Les concerts de jazz parmi les activit\u00e9s \u00e0 faire pendant votre s\u00e9jour sur l&rsquo;\u00eele de R\u00e9\u00a0<\/h2><p><strong>Deux grands \u00e9v\u00e8nements jazz<\/strong> se d\u00e9roulent sur l&rsquo;\u00eele de R\u00e9 : le<strong> Festival Jazz au Phare<\/strong> et le <strong>Festival Jazz en R\u00e9.<\/strong> Ils se d\u00e9roulent tous deux pendant les vacances d&rsquo;\u00e9t\u00e9.\u00a0<\/p><h3 class=\"wp-block-heading\">Le festival <a href=\"https:\/\/jazzauphare.com\/\">Jazz au Phare\u00a0<\/a><\/h3><p>Le<a href=\"https:\/\/jazzauphare.com\/\"> festival Jazz au Phare <\/a>se tient au pied du <strong>Phare des Baleines<\/strong> dans le village de <a href=\"https:\/\/www.travelparadise.fr\/location\/locations-saint-clement-des-baleines-d32213\/\">Saint-Cl\u00e9ment-des-Baleines<\/a> \u00e0 l&rsquo;ouest de l&rsquo;\u00eele. Il dure plusieurs jours et s&rsquo;illumine de mille feux quand la nuit tombe. C&rsquo;est un spectacle \u00e0 ne pas manquer pendant votre s\u00e9jour sur l&rsquo;\u00eele de R\u00e9.\u00a0<\/p><h3 class=\"wp-block-heading\">Le festival <a href=\"https:\/\/www.jazzenre.fr\/\">Jazz en R\u00e9\u00a0<\/a><\/h3><p>Un deuxi\u00e8me festival de jazz est organis\u00e9 sur l&rsquo;\u00eele : le Festival <a href=\"https:\/\/www.jazzenre.fr\/\">Jazz en R\u00e9<\/a>. Il a lieu \u00e0 <a href=\"https:\/\/www.travelparadise.fr\/location\/locations-saint-martin-de-re-d32251\/\">Saint-Martin-en-R\u00e9 <\/a>dans le magnifique port du village. Les concerts se jouent en soir\u00e9e et sont gratuits. L&rsquo;ambiance est <strong>conviviale et chaleureuse<\/strong>. C&rsquo;est un \u00e9v\u00e9nement \u00e0 inclure absolument dans votre s\u00e9jour sur l&rsquo;\u00eele de R\u00e9.\u00a0<\/p><h3 class=\"wp-block-heading\">Quand les concerts de jazz ont-ils lieu sur l&rsquo;\u00eele de R\u00e9 ?<\/h3><p><span style=\"color: var( --e-global-color-text ); font-family: var( --e-global-typography-text-font-family ), Sans-serif; font-weight: var( --e-global-typography-text-font-weight ); background-color: transparent;\">Les concerts de jazz ont lieu sur l&rsquo;\u00eele de R\u00e9 pendant les mois de <\/span><strong style=\"color: var( --e-global-color-text ); font-family: var( --e-global-typography-text-font-family ), Sans-serif; background-color: transparent;\">juillet et ao\u00fbt<\/strong><span style=\"color: var( --e-global-color-text ); font-family: var( --e-global-typography-text-font-family ), Sans-serif; font-weight: var( --e-global-typography-text-font-weight ); background-color: transparent;\">, saison des vacances. Pour connaitre les dates pr\u00e9cises du festival de Saint-Martin-en-R\u00e9 et de celui de Saint-Cl\u00e9ment-des-Baleines, consultez les sites des organisateurs (<\/span><a style=\"font-family: var( --e-global-typography-text-font-family ), Sans-serif; font-weight: var( --e-global-typography-text-font-weight );\" href=\"https:\/\/www.jazzenre.fr\/\">Jazz en R\u00e9<\/a><span style=\"color: var( --e-global-color-text ); font-family: var( --e-global-typography-text-font-family ), Sans-serif; font-weight: var( --e-global-typography-text-font-weight ); background-color: transparent;\"> et <\/span><a style=\"font-family: var( --e-global-typography-text-font-family ), Sans-serif; font-weight: var( --e-global-typography-text-font-weight );\" href=\"https:\/\/jazzauphare.com\/\">Jazz au Phare<\/a><span style=\"color: var( --e-global-color-text ); font-family: var( --e-global-typography-text-font-family ), Sans-serif; font-weight: var( --e-global-typography-text-font-weight ); background-color: transparent;\">). Ces dates vous seront utiles pour consulter les disponibilit\u00e9s des locations de vacances et pour faire la r\u00e9servation de votre maison.\u00a0<\/span><\/p><h2 class=\"wp-block-heading\">O\u00f9 trouver des locations de vacances pr\u00e8s des festivals de jazz ?\u00a0<\/h2><p>Pour assister aux concerts de jazz, vous pouvez choisir une location pr\u00e8s des lieux des \u00e9v\u00e9nements. La location d&rsquo;une maison particuli\u00e8re avec chambres, terrasse et piscine est une solution de <a href=\"https:\/\/www.travelparadise.fr\/location\/locations-ile-de-re-z3166\/\">location de vacances<\/a> id\u00e9ale. Elle offre une alternative aux autres types de locations de vacances : camping, nuit d&rsquo;h\u00f4tel, chambre d&rsquo;h\u00f4te.\u00a0<\/p><h3 class=\"wp-block-heading\">Une maison de vacances avec piscine \u00e0 Saint-Martin-en-R\u00e9\u00a0<\/h3><p>Que ce soit dans le village de Saint-Martin-en-R\u00e9 ou dans le village de Saint-Cl\u00e9ment-des-Baleines, Travel Paradise loue des <strong>maisons de vacances<\/strong> aux visiteurs de l&rsquo;\u00eele. Chaque maison offre des prestations <strong>haut de gamme<\/strong> : terrasse, <strong>piscine<\/strong>, chambres avec salle de bain, jardin.\u00a0<\/p><p><a href=\"https:\/\/www.travelparadise.fr\/location\/villa-saint-martin-de-re-la-bastide-de-saint-martin-425688.html\">La Bastide de Saint Martin<\/a> est l&rsquo;une de nos maisons \u00e0 louer pour vos vacances en famille. Elle poss\u00e8de six chambres (cinq avec lit king size), cinq salles de bains, une cuisine \u00e9quip\u00e9e et deux salons. Elle offre une vue imprenable sur le port de Saint-Martin-en-R\u00e9. \u00c0 l&rsquo;ext\u00e9rieur, vous pourrez profiter du jardin, du spa de nage chauff\u00e9 et de la terrasse. La maison de vacances se situe \u00e0 un kilom\u00e8tre de la plage, ce qui vous permettra de profiter avec les enfants des activit\u00e9s de vacances dans l&rsquo;eau azur de l&rsquo;oc\u00e9an.\u00a0<\/p><h3 class=\"wp-block-heading\">Une maison de vacances typique de l&rsquo;\u00eele \u00e0 Saint-Cl\u00e9ment-des-Baleines\u00a0<\/h3><p>Un autre bien similaire \u00e0 Saint-Cl\u00e9ment-des-Baleines pr\u00e8s du festival Jazz au Phare est disponible \u00e0 la location. La maison, typique de l&rsquo;\u00eele, est situ\u00e9e au <strong>c\u0153ur du village<\/strong> \u00e0 deux pas des commerces, des restaurants et du march\u00e9 local. Une piscine chauff\u00e9e avec une eau couleur azur, deux terrasses et un jardin clos feront une location de vacances parfaite pour assister au festival de jazz. \u00c0 l&rsquo;int\u00e9rieur de la maison, vous pourrez profiter d&rsquo;une cuisine ouverte, de quatre chambres (dont trois chambres avec un lit king size) et de trois salles de bain.\u00a0<\/p><h3 class=\"wp-block-heading\">Conseils de r\u00e9servation de votre s\u00e9jour sur l&rsquo;\u00eele de R\u00e9\u00a0<\/h3><p>Le prix d&rsquo;une nuit dans nos magnifiques maisons de vacances peut varier selon le bien et la saison de r\u00e9servation.<\/p><p>Contactez-nous ou consultez notre site de location de vacances. Vous y d\u00e9couvrirez l&rsquo;offre, les avis et la disponibilit\u00e9 de r\u00e9servation de chaque maison. Ce sont des maisons pris\u00e9es par les vacanciers. Il vaut mieux r\u00e9server t\u00f4t dans l&rsquo;ann\u00e9e pour \u00eatre s\u00fbr de la disponibilit\u00e9 de la location selon vos dates de s\u00e9jour sur l&rsquo;\u00eele.<\/p><h3 class=\"wp-block-heading\">Profiter des festivals de jazz et visiter les autres attraits de l&rsquo;\u00eele.\u00a0<\/h3><p>Lors de votre s\u00e9jour estival sur l&rsquo;\u00eele de R\u00e9, vous pourrez profiter d&rsquo;un festival de jazz, mais aussi des attraits touristiques de l&rsquo;\u00eele. Parmi les activit\u00e9s que vous pourrez faire, choisissez entre plage, visite du phare des Baleines, du port et des fortifications du village de Saint-Martin-en-R\u00e9, tour de l&rsquo;\u00eele \u00e0 v\u00e9lo ou diner en famille dans un bon restaurant.<\/p><p>Le jazz n&rsquo;est pas seulement appr\u00e9ci\u00e9 sur l&rsquo;\u00eele de R\u00e9, mais \u00e9galement sur l&rsquo;\u00eele d&rsquo;Ol\u00e9ron. l&rsquo;\u00eele d&rsquo;Ol\u00e9ron n&rsquo;est situ\u00e9e qu&rsquo;\u00e0 quelques kilom\u00e8tres de l&rsquo;\u00eele de R\u00e9. Vous pourrez faire votre r\u00e9servation de vacances sur l&rsquo;\u00eele de R\u00e9 et vous rendre en bateau sur l&rsquo;\u00eele d&rsquo;Ol\u00e9ron pour assister \u00e0 son festival de jazz.\u00a0<\/p>\t\t\t\t\t\t<\/div>\n\t\t\t\t<\/div>\n\t\t\t\t\t<\/div>\n\t\t<\/div>\n\t\t\t\t\t\t\t<\/div>\n\t\t<\/section>\n\t\t\t\t\t\t\t<\/div>\n\t\t","protected":false},"excerpt":{"rendered":"<p>Le jazz est mis \u00e0 l&rsquo;honneur sur l&rsquo;\u00eele de R\u00e9 et sur l&rsquo;\u00eele d&rsquo;Ol\u00e9ron. Plusieurs festivals ont lieu chaque \u00e9t\u00e9&#8230;.<\/p>\n","protected":false},"author":2,"featured_media":852,"comment_status":"open","ping_status":"open","sticky":false,"template":"","format":"standard","meta":{"footnotes":""},"categories":[19,1],"tags":[],"class_list":["post-1543","post","type-post","status-publish","format-standard","has-post-thumbnail","hentry","category-blog","category-non-classifiee"],"yoast_head":"<!-- This site is optimized with the Yoast SEO plugin v20.3 - https:\/\/yoast.com\/wordpress\/plugins\/seo\/ -->\n<title>festival de jazz sur l&#039;\u00eele de r\u00e9<\/title>\n<meta name=\"description\" content=\"Les festivals de jazz sur l&#039;\u00eele de r\u00e9 sont mis \u00e0 l&#039;honneur chaque \u00e9t\u00e9. Voici les festivals et concerts que vous pourrez retrouver cet \u00e9t\u00e9.\" \/>\n<meta name=\"robots\" content=\"index, follow, max-snippet:-1, max-image-preview:large, max-video-preview:-1\" \/>\n<link rel=\"canonical\" href=\"https:\/\/www.travelparadise.fr\/blog\/festival-jazz-ile-de-re\/\" \/>\n<meta property=\"og:locale\" content=\"fr_FR\" \/>\n<meta property=\"og:type\" content=\"article\" \/>\n<meta property=\"og:title\" content=\"festival de jazz sur l&#039;\u00eele de r\u00e9\" \/>\n<meta property=\"og:description\" content=\"Les festivals de jazz sur l&#039;\u00eele de r\u00e9 sont mis \u00e0 l&#039;honneur chaque \u00e9t\u00e9. Voici les festivals et concerts que vous pourrez retrouver cet \u00e9t\u00e9.\" \/>\n<meta property=\"og:url\" content=\"https:\/\/www.travelparadise.fr\/blog\/festival-jazz-ile-de-re\/\" \/>\n<meta property=\"og:site_name\" content=\"Blog\" \/>\n<meta property=\"article:published_time\" content=\"2024-10-23T13:21:22+00:00\" \/>\n<meta property=\"article:modified_time\" content=\"2024-10-30T14:28:36+00:00\" \/>\n<meta property=\"og:image\" content=\"https:\/\/www.travelparadise.fr\/blog\/wp-content\/uploads\/2024\/05\/image-29.png\" \/>\n\t<meta property=\"og:image:width\" content=\"376\" \/>\n\t<meta property=\"og:image:height\" content=\"266\" \/>\n\t<meta property=\"og:image:type\" content=\"image\/png\" \/>\n<meta name=\"author\" content=\"travelparadise\" \/>\n<meta name=\"twitter:card\" content=\"summary_large_image\" \/>\n<meta name=\"twitter:label1\" content=\"\u00c9crit par\" \/>\n\t<meta name=\"twitter:data1\" content=\"travelparadise\" \/>\n\t<meta name=\"twitter:label2\" content=\"Dur\u00e9e de lecture estim\u00e9e\" \/>\n\t<meta name=\"twitter:data2\" content=\"5 minutes\" \/>\n<script type=\"application\/ld+json\" class=\"yoast-schema-graph\">{\"@context\":\"https:\/\/schema.org\",\"@graph\":[{\"@type\":\"WebPage\",\"@id\":\"https:\/\/www.travelparadise.fr\/blog\/festival-jazz-ile-de-re\/\",\"url\":\"https:\/\/www.travelparadise.fr\/blog\/festival-jazz-ile-de-re\/\",\"name\":\"festival de jazz sur l'\u00eele de r\u00e9\",\"isPartOf\":{\"@id\":\"https:\/\/www.travelparadise.fr\/blog\/#website\"},\"datePublished\":\"2024-10-23T13:21:22+00:00\",\"dateModified\":\"2024-10-30T14:28:36+00:00\",\"author\":{\"@id\":\"https:\/\/www.travelparadise.fr\/blog\/#\/schema\/person\/ed2001af629a3e10f958897e149d0ac1\"},\"description\":\"Les festivals de jazz sur l'\u00eele de r\u00e9 sont mis \u00e0 l'honneur chaque \u00e9t\u00e9. Voici les festivals et concerts que vous pourrez retrouver cet \u00e9t\u00e9.\",\"breadcrumb\":{\"@id\":\"https:\/\/www.travelparadise.fr\/blog\/festival-jazz-ile-de-re\/#breadcrumb\"},\"inLanguage\":\"fr-FR\",\"potentialAction\":[{\"@type\":\"ReadAction\",\"target\":[\"https:\/\/www.travelparadise.fr\/blog\/festival-jazz-ile-de-re\/\"]}]},{\"@type\":\"BreadcrumbList\",\"@id\":\"https:\/\/www.travelparadise.fr\/blog\/festival-jazz-ile-de-re\/#breadcrumb\",\"itemListElement\":[{\"@type\":\"ListItem\",\"position\":1,\"name\":\"Accueil\",\"item\":\"https:\/\/www.travelparadise.fr\/blog\/\"},{\"@type\":\"ListItem\",\"position\":2,\"name\":\"Quand pr\u00e9voir sa location de vacances \u00e0 l&rsquo;\u00eele de R\u00e9 pour profiter d&rsquo;un festival de jazz ?\u00a0\"}]},{\"@type\":\"WebSite\",\"@id\":\"https:\/\/www.travelparadise.fr\/blog\/#website\",\"url\":\"https:\/\/www.travelparadise.fr\/blog\/\",\"name\":\"Blog sur l'\u00cele de R\u00e9\",\"description\":\"Location de vacances de luxe \u00cele de R\u00e9 - TravelParadise.fr\",\"alternateName\":\"Blog sur l'\u00cele de R\u00e9\",\"potentialAction\":[{\"@type\":\"SearchAction\",\"target\":{\"@type\":\"EntryPoint\",\"urlTemplate\":\"https:\/\/www.travelparadise.fr\/blog\/?s={search_term_string}\"},\"query-input\":\"required name=search_term_string\"}],\"inLanguage\":\"fr-FR\"},{\"@type\":\"Person\",\"@id\":\"https:\/\/www.travelparadise.fr\/blog\/#\/schema\/person\/ed2001af629a3e10f958897e149d0ac1\",\"name\":\"travelparadise\",\"image\":{\"@type\":\"ImageObject\",\"inLanguage\":\"fr-FR\",\"@id\":\"https:\/\/www.travelparadise.fr\/blog\/#\/schema\/person\/image\/\",\"url\":\"https:\/\/secure.gravatar.com\/avatar\/6f4f7cc27cad962dac233b4df73e88870445d6f46c799440318bb409fc4cd9da?s=96&d=mm&r=g\",\"contentUrl\":\"https:\/\/secure.gravatar.com\/avatar\/6f4f7cc27cad962dac233b4df73e88870445d6f46c799440318bb409fc4cd9da?s=96&d=mm&r=g\",\"caption\":\"travelparadise\"},\"url\":\"https:\/\/www.travelparadise.fr\/blog\/author\/travelparadise\/\"}]}<\/script>\n<!-- \/ Yoast SEO plugin. -->","yoast_head_json":{"title":"festival de jazz sur l'\u00eele de r\u00e9","description":"Les festivals de jazz sur l'\u00eele de r\u00e9 sont mis \u00e0 l'honneur chaque \u00e9t\u00e9. Voici les festivals et concerts que vous pourrez retrouver cet \u00e9t\u00e9.","robots":{"index":"index","follow":"follow","max-snippet":"max-snippet:-1","max-image-preview":"max-image-preview:large","max-video-preview":"max-video-preview:-1"},"canonical":"https:\/\/www.travelparadise.fr\/blog\/festival-jazz-ile-de-re\/","og_locale":"fr_FR","og_type":"article","og_title":"festival de jazz sur l'\u00eele de r\u00e9","og_description":"Les festivals de jazz sur l'\u00eele de r\u00e9 sont mis \u00e0 l'honneur chaque \u00e9t\u00e9. Voici les festivals et concerts que vous pourrez retrouver cet \u00e9t\u00e9.","og_url":"https:\/\/www.travelparadise.fr\/blog\/festival-jazz-ile-de-re\/","og_site_name":"Blog","article_published_time":"2024-10-23T13:21:22+00:00","article_modified_time":"2024-10-30T14:28:36+00:00","og_image":[{"width":376,"height":266,"url":"https:\/\/www.travelparadise.fr\/blog\/wp-content\/uploads\/2024\/05\/image-29.png","type":"image\/png"}],"author":"travelparadise","twitter_card":"summary_large_image","twitter_misc":{"\u00c9crit par":"travelparadise","Dur\u00e9e de lecture estim\u00e9e":"5 minutes"},"schema":{"@context":"https:\/\/schema.org","@graph":[{"@type":"WebPage","@id":"https:\/\/www.travelparadise.fr\/blog\/festival-jazz-ile-de-re\/","url":"https:\/\/www.travelparadise.fr\/blog\/festival-jazz-ile-de-re\/","name":"festival de jazz sur l'\u00eele de r\u00e9","isPartOf":{"@id":"https:\/\/www.travelparadise.fr\/blog\/#website"},"datePublished":"2024-10-23T13:21:22+00:00","dateModified":"2024-10-30T14:28:36+00:00","author":{"@id":"https:\/\/www.travelparadise.fr\/blog\/#\/schema\/person\/ed2001af629a3e10f958897e149d0ac1"},"description":"Les festivals de jazz sur l'\u00eele de r\u00e9 sont mis \u00e0 l'honneur chaque \u00e9t\u00e9. Voici les festivals et concerts que vous pourrez retrouver cet \u00e9t\u00e9.","breadcrumb":{"@id":"https:\/\/www.travelparadise.fr\/blog\/festival-jazz-ile-de-re\/#breadcrumb"},"inLanguage":"fr-FR","potentialAction":[{"@type":"ReadAction","target":["https:\/\/www.travelparadise.fr\/blog\/festival-jazz-ile-de-re\/"]}]},{"@type":"BreadcrumbList","@id":"https:\/\/www.travelparadise.fr\/blog\/festival-jazz-ile-de-re\/#breadcrumb","itemListElement":[{"@type":"ListItem","position":1,"name":"Accueil","item":"https:\/\/www.travelparadise.fr\/blog\/"},{"@type":"ListItem","position":2,"name":"Quand pr\u00e9voir sa location de vacances \u00e0 l&rsquo;\u00eele de R\u00e9 pour profiter d&rsquo;un festival de jazz ?\u00a0"}]},{"@type":"WebSite","@id":"https:\/\/www.travelparadise.fr\/blog\/#website","url":"https:\/\/www.travelparadise.fr\/blog\/","name":"Blog sur l'\u00cele de R\u00e9","description":"Location de vacances de luxe \u00cele de R\u00e9 - TravelParadise.fr","alternateName":"Blog sur l'\u00cele de R\u00e9","potentialAction":[{"@type":"SearchAction","target":{"@type":"EntryPoint","urlTemplate":"https:\/\/www.travelparadise.fr\/blog\/?s={search_term_string}"},"query-input":"required name=search_term_string"}],"inLanguage":"fr-FR"},{"@type":"Person","@id":"https:\/\/www.travelparadise.fr\/blog\/#\/schema\/person\/ed2001af629a3e10f958897e149d0ac1","name":"travelparadise","image":{"@type":"ImageObject","inLanguage":"fr-FR","@id":"https:\/\/www.travelparadise.fr\/blog\/#\/schema\/person\/image\/","url":"https:\/\/secure.gravatar.com\/avatar\/6f4f7cc27cad962dac233b4df73e88870445d6f46c799440318bb409fc4cd9da?s=96&d=mm&r=g","contentUrl":"https:\/\/secure.gravatar.com\/avatar\/6f4f7cc27cad962dac233b4df73e88870445d6f46c799440318bb409fc4cd9da?s=96&d=mm&r=g","caption":"travelparadise"},"url":"https:\/\/www.travelparadise.fr\/blog\/author\/travelparadise\/"}]}},"_links":{"self":[{"href":"https:\/\/www.travelparadise.fr\/blog\/wp-json\/wp\/v2\/posts\/1543","targetHints":{"allow":["GET"]}}],"collection":[{"href":"https:\/\/www.travelparadise.fr\/blog\/wp-json\/wp\/v2\/posts"}],"about":[{"href":"https:\/\/www.travelparadise.fr\/blog\/wp-json\/wp\/v2\/types\/post"}],"author":[{"embeddable":true,"href":"https:\/\/www.travelparadise.fr\/blog\/wp-json\/wp\/v2\/users\/2"}],"replies":[{"embeddable":true,"href":"https:\/\/www.travelparadise.fr\/blog\/wp-json\/wp\/v2\/comments?post=1543"}],"version-history":[{"count":11,"href":"https:\/\/www.travelparadise.fr\/blog\/wp-json\/wp\/v2\/posts\/1543\/revisions"}],"predecessor-version":[{"id":1840,"href":"https:\/\/www.travelparadise.fr\/blog\/wp-json\/wp\/v2\/posts\/1543\/revisions\/1840"}],"wp:featuredmedia":[{"embeddable":true,"href":"https:\/\/www.travelparadise.fr\/blog\/wp-json\/wp\/v2\/media\/852"}],"wp:attachment":[{"href":"https:\/\/www.travelparadise.fr\/blog\/wp-json\/wp\/v2\/media?parent=1543"}],"wp:term":[{"taxonomy":"category","embeddable":true,"href":"https:\/\/www.travelparadise.fr\/blog\/wp-json\/wp\/v2\/categories?post=1543"},{"taxonomy":"post_tag","embeddable":true,"href":"https:\/\/www.travelparadise.fr\/blog\/wp-json\/wp\/v2\/tags?post=1543"}],"curies":[{"name":"wp","href":"https:\/\/api.w.org\/{rel}","templated":true}]}}