{"id":1078,"date":"2024-06-24T11:11:06","date_gmt":"2024-06-24T11:11:06","guid":{"rendered":"https:\/\/www.travelparadise.fr\/blog\/?p=1078"},"modified":"2024-11-05T09:59:26","modified_gmt":"2024-11-05T09:59:26","slug":"ars-en-re-les-portes-en-re-saint-clement-des-baleines-loix","status":"publish","type":"post","link":"https:\/\/www.travelparadise.fr\/blog\/ars-en-re-les-portes-en-re-saint-clement-des-baleines-loix\/","title":{"rendered":"Pourquoi s\u00e9journer au Nord de l&rsquo;\u00eele de R\u00e9 ?"},"content":{"rendered":"\t\t<div data-elementor-type=\"wp-post\" data-elementor-id=\"1078\" class=\"elementor elementor-1078\">\n\t\t\t\t\t\t\t\t\t<section class=\"elementor-section elementor-top-section elementor-element elementor-element-e8ad252 elementor-section-boxed elementor-section-height-default elementor-section-height-default\" data-id=\"e8ad252\" data-element_type=\"section\">\n\t\t\t\t\t\t<div class=\"elementor-container elementor-column-gap-default\">\n\t\t\t\t\t<div class=\"elementor-column elementor-col-100 elementor-top-column elementor-element elementor-element-b8f7797\" data-id=\"b8f7797\" data-element_type=\"column\">\n\t\t\t<div class=\"elementor-widget-wrap elementor-element-populated\">\n\t\t\t\t\t\t\t\t<div class=\"elementor-element elementor-element-b4b9f53 elementor-widget elementor-widget-text-editor\" data-id=\"b4b9f53\" data-element_type=\"widget\" data-widget_type=\"text-editor.default\">\n\t\t\t\t<div class=\"elementor-widget-container\">\n\t\t\t<style>\/*! elementor - v3.11.5 - 14-03-2023 *\/\n.elementor-widget-text-editor.elementor-drop-cap-view-stacked .elementor-drop-cap{background-color:#818a91;color:#fff}.elementor-widget-text-editor.elementor-drop-cap-view-framed .elementor-drop-cap{color:#818a91;border:3px solid;background-color:transparent}.elementor-widget-text-editor:not(.elementor-drop-cap-view-default) .elementor-drop-cap{margin-top:8px}.elementor-widget-text-editor:not(.elementor-drop-cap-view-default) .elementor-drop-cap-letter{width:1em;height:1em}.elementor-widget-text-editor .elementor-drop-cap{float:left;text-align:center;line-height:1;font-size:50px}.elementor-widget-text-editor .elementor-drop-cap-letter{display:inline-block}<\/style>\t\t\t\t<p class=\"has-text-align-center has-small-font-size\"><strong>\u266b\u266b\u00a0<\/strong>\u201c Dans le petit bois de Trousse chemise<br \/>Quand la mer est grise et qu&rsquo;on l&rsquo;est un peu<br \/>Dans le petit bois de Trousse chemise, \u2026 \u201d\u00a0<strong>\u266b\u266b<\/strong><\/p><div><strong>\u00a0<\/strong><\/div>\t\t\t\t\t\t<\/div>\n\t\t\t\t<\/div>\n\t\t\t\t\t<\/div>\n\t\t<\/div>\n\t\t\t\t\t\t\t<\/div>\n\t\t<\/section>\n\t\t\t\t<section class=\"elementor-section elementor-top-section elementor-element elementor-element-07b6d50 elementor-section-boxed elementor-section-height-default elementor-section-height-default\" data-id=\"07b6d50\" data-element_type=\"section\">\n\t\t\t\t\t\t<div class=\"elementor-container elementor-column-gap-default\">\n\t\t\t\t\t<div class=\"elementor-column elementor-col-66 elementor-top-column elementor-element elementor-element-17e1364\" data-id=\"17e1364\" data-element_type=\"column\">\n\t\t\t<div class=\"elementor-widget-wrap elementor-element-populated\">\n\t\t\t\t\t\t\t\t<div class=\"elementor-element elementor-element-1461012 elementor-widget elementor-widget-image\" data-id=\"1461012\" data-element_type=\"widget\" data-widget_type=\"image.default\">\n\t\t\t\t<div class=\"elementor-widget-container\">\n\t\t\t<style>\/*! elementor - v3.11.5 - 14-03-2023 *\/\n.elementor-widget-image{text-align:center}.elementor-widget-image a{display:inline-block}.elementor-widget-image a img[src$=\".svg\"]{width:48px}.elementor-widget-image img{vertical-align:middle;display:inline-block}<\/style>\t\t\t\t\t\t\t\t\t<figure class=\"wp-caption\">\n\t\t\t\t\t\t\t\t\t\t<img loading=\"lazy\" decoding=\"async\" width=\"667\" height=\"630\" src=\"https:\/\/www.travelparadise.fr\/blog\/wp-content\/uploads\/2024\/06\/Paysage3-667x630.jpg\" class=\"attachment-large size-large wp-image-1311\" alt=\"\" \/>\t\t\t\t\t\t\t\t\t\t\t<figcaption class=\"widget-image-caption wp-caption-text\"><\/figcaption>\n\t\t\t\t\t\t\t\t\t\t<\/figure>\n\t\t\t\t\t\t\t\t\t<\/div>\n\t\t\t\t<\/div>\n\t\t\t\t\t<\/div>\n\t\t<\/div>\n\t\t\t\t<div class=\"elementor-column elementor-col-33 elementor-top-column elementor-element elementor-element-fc73048\" data-id=\"fc73048\" data-element_type=\"column\">\n\t\t\t<div class=\"elementor-widget-wrap elementor-element-populated\">\n\t\t\t\t\t\t\t\t<div class=\"elementor-element elementor-element-9758276 elementor-widget elementor-widget-text-editor\" data-id=\"9758276\" data-element_type=\"widget\" data-widget_type=\"text-editor.default\">\n\t\t\t\t<div class=\"elementor-widget-container\">\n\t\t\t\t\t\t\t<p>Vous connaissez peut-\u00eatre cette chanson du c\u00e9l\u00e8bre Aznavour, o\u00f9 il \u00e9voque le fameux bois de Trousse Chemise.\u00a0<\/p><p>Figurez-vous que ce dernier se situe en r\u00e9alit\u00e9 au Nord de l&rsquo;<a href=\"https:\/\/www.iledere.com\/\">\u00cele de R\u00e9<\/a>. Mais ce bois n\u2019est qu\u2019une raison parmi de nombreuses autres de louer au Nord de l\u2019\u00eele.\u00a0<\/p><p>Des marais salants de Loix \u00e0\u00a0la cabane de la Patache aux Portes-en-R\u00e9, le nord de l\u2019\u00eele d\u00e9c\u00e8le de nombreux tr\u00e9sors, h\u00e9ritages de son histoire et de ses traditions.<\/p><p>Si vous ne savez toujours pas o\u00f9 s\u00e9journer, ou si vous h\u00e9sitez, voici plusieurs raisons qui vous feront choisir de s\u00e9journer au Nord de l\u2019\u00cele sans plus d\u2019h\u00e9sitation.<\/p>\t\t\t\t\t\t<\/div>\n\t\t\t\t<\/div>\n\t\t\t\t\t<\/div>\n\t\t<\/div>\n\t\t\t\t\t\t\t<\/div>\n\t\t<\/section>\n\t\t\t\t<section class=\"elementor-section elementor-top-section elementor-element elementor-element-ffc19b1 elementor-section-boxed elementor-section-height-default elementor-section-height-default\" data-id=\"ffc19b1\" data-element_type=\"section\">\n\t\t\t\t\t\t<div class=\"elementor-container elementor-column-gap-default\">\n\t\t\t\t\t<div class=\"elementor-column elementor-col-100 elementor-top-column elementor-element elementor-element-8d10d57\" data-id=\"8d10d57\" data-element_type=\"column\">\n\t\t\t<div class=\"elementor-widget-wrap elementor-element-populated\">\n\t\t\t\t\t\t\t\t<div class=\"elementor-element elementor-element-6e9bdd9 elementor-widget elementor-widget-heading\" data-id=\"6e9bdd9\" data-element_type=\"widget\" data-widget_type=\"heading.default\">\n\t\t\t\t<div class=\"elementor-widget-container\">\n\t\t\t<style>\/*! elementor - v3.11.5 - 14-03-2023 *\/\n.elementor-heading-title{padding:0;margin:0;line-height:1}.elementor-widget-heading .elementor-heading-title[class*=elementor-size-]>a{color:inherit;font-size:inherit;line-height:inherit}.elementor-widget-heading .elementor-heading-title.elementor-size-small{font-size:15px}.elementor-widget-heading .elementor-heading-title.elementor-size-medium{font-size:19px}.elementor-widget-heading .elementor-heading-title.elementor-size-large{font-size:29px}.elementor-widget-heading .elementor-heading-title.elementor-size-xl{font-size:39px}.elementor-widget-heading .elementor-heading-title.elementor-size-xxl{font-size:59px}<\/style><h2 class=\"elementor-heading-title elementor-size-default\">Loix : Patrimoine historique<\/h2>\t\t<\/div>\n\t\t\t\t<\/div>\n\t\t\t\t\t<\/div>\n\t\t<\/div>\n\t\t\t\t\t\t\t<\/div>\n\t\t<\/section>\n\t\t\t\t<section class=\"elementor-section elementor-top-section elementor-element elementor-element-b7f08a2 elementor-section-boxed elementor-section-height-default elementor-section-height-default\" data-id=\"b7f08a2\" data-element_type=\"section\">\n\t\t\t\t\t\t<div class=\"elementor-container elementor-column-gap-default\">\n\t\t\t\t\t<div class=\"elementor-column elementor-col-100 elementor-top-column elementor-element elementor-element-cf81899\" data-id=\"cf81899\" data-element_type=\"column\">\n\t\t\t<div class=\"elementor-widget-wrap elementor-element-populated\">\n\t\t\t\t\t\t\t\t<div class=\"elementor-element elementor-element-cda6104 elementor-widget elementor-widget-image\" data-id=\"cda6104\" data-element_type=\"widget\" data-widget_type=\"image.default\">\n\t\t\t\t<div class=\"elementor-widget-container\">\n\t\t\t\t\t\t\t\t\t\t\t\t<figure class=\"wp-caption\">\n\t\t\t\t\t\t\t\t\t\t<img loading=\"lazy\" decoding=\"async\" width=\"751\" height=\"275\" src=\"https:\/\/www.travelparadise.fr\/blog\/wp-content\/uploads\/2024\/06\/image-25.png\" class=\"attachment-large size-large wp-image-1097\" alt=\"\" srcset=\"https:\/\/www.travelparadise.fr\/blog\/wp-content\/uploads\/2024\/06\/image-25.png 1365w, https:\/\/www.travelparadise.fr\/blog\/wp-content\/uploads\/2024\/06\/image-25-768x281.png 768w\" sizes=\"auto, (max-width: 751px) 100vw, 751px\" \/>\t\t\t\t\t\t\t\t\t\t\t<figcaption class=\"widget-image-caption wp-caption-text\">Ainsi, Loix est une destination de choix, que ce soit pour les amoureux d'histoire ou encore de patrimoine maritime.<\/figcaption>\n\t\t\t\t\t\t\t\t\t\t<\/figure>\n\t\t\t\t\t\t\t\t\t<\/div>\n\t\t\t\t<\/div>\n\t\t\t\t\t<\/div>\n\t\t<\/div>\n\t\t\t\t\t\t\t<\/div>\n\t\t<\/section>\n\t\t\t\t<section class=\"elementor-section elementor-top-section elementor-element elementor-element-28acc31 elementor-section-boxed elementor-section-height-default elementor-section-height-default\" data-id=\"28acc31\" data-element_type=\"section\">\n\t\t\t\t\t\t<div class=\"elementor-container elementor-column-gap-default\">\n\t\t\t\t\t<div class=\"elementor-column elementor-col-100 elementor-top-column elementor-element elementor-element-e2e23c5\" data-id=\"e2e23c5\" data-element_type=\"column\">\n\t\t\t<div class=\"elementor-widget-wrap elementor-element-populated\">\n\t\t\t\t\t\t\t\t<div class=\"elementor-element elementor-element-ea833fd elementor-widget elementor-widget-text-editor\" data-id=\"ea833fd\" data-element_type=\"widget\" data-widget_type=\"text-editor.default\">\n\t\t\t\t<div class=\"elementor-widget-container\">\n\t\t\t\t\t\t\t<p>Le nord est form\u00e9 par quatre communes, qui t\u00e9moignent du vestige de leur pass\u00e9. Tout d\u2019abord, il y a la commune de\u00a0<strong>Loix<\/strong>.\u00a0<span style=\"color: var( --e-global-color-text ); font-family: var( --e-global-typography-text-font-family ), Sans-serif; font-weight: var( --e-global-typography-text-font-weight ); background-color: transparent; text-align: justify;\">V\u00e9ritable h\u00e9ritage historique qui \u00e9tait \u00e0 l\u2019\u00e9poque une \u00eele m\u00eame au sein de l\u2019\u00cele de R\u00e9.\u00a0<\/span><span style=\"color: var( --e-global-color-text ); font-family: var( --e-global-typography-text-font-family ), Sans-serif; font-weight: var( --e-global-typography-text-font-weight ); background-color: transparent; text-align: justify;\">Cela a d\u00e9finitivement dict\u00e9 le rythme de vie, o\u00f9 le commerce maritime et la traite du sel jouaient un r\u00f4le important.\u00a0En t\u00e9moignage de ces anciennes traditions s\u00e9culaires, vous pouvez notamment apercevoir le c\u00e9l\u00e8bre moulin \u00e0 mar\u00e9e ainsi que les 4 moulins \u00e0 vents si vous vous baladez dans les marais de Loix.\u00a0 Il existe par ailleurs un\u00a0<\/span><a style=\"background-color: #ffffff; font-family: var( --e-global-typography-text-font-family ), Sans-serif; font-weight: var( --e-global-typography-text-font-weight ); text-align: justify;\" href=\"https:\/\/www.marais-salant.com\/\">\u00e9comus\u00e9e\u00a0<\/a><span style=\"color: var( --e-global-color-text ); font-family: var( --e-global-typography-text-font-family ), Sans-serif; font-weight: var( --e-global-typography-text-font-weight ); background-color: transparent; text-align: justify;\">qui retrace l\u2019histoire de la commune et de ses marais salants au travers de ses expositions uniques ainsi que de visites. Si vous passez par l\u00e0, ne manquez pas de vous arr\u00eater au\u00a0<\/span><a style=\"background-color: #ffffff; font-family: var( --e-global-typography-text-font-family ), Sans-serif; font-weight: var( --e-global-typography-text-font-weight ); text-align: justify;\" href=\"https:\/\/www.iledere.com\/vivre-et-explorer\/explorez-a-votre-rythme\/musees-galeries-d-arts-et-artistes-sur-l-ile-de-re\/le-fort-du-grouin-1295181\">Fort de Groin<\/a><span style=\"color: var( --e-global-color-text ); font-family: var( --e-global-typography-text-font-family ), Sans-serif; font-weight: var( --e-global-typography-text-font-weight ); background-color: transparent; text-align: justify;\">. Bien que jamais arm\u00e9, il a \u00e9t\u00e9 construit dans le but de prot\u00e9ger les c\u00f4tes loidaises.\u00a0<\/span><\/p>\t\t\t\t\t\t<\/div>\n\t\t\t\t<\/div>\n\t\t\t\t\t<\/div>\n\t\t<\/div>\n\t\t\t\t\t\t\t<\/div>\n\t\t<\/section>\n\t\t\t\t<section class=\"elementor-section elementor-top-section elementor-element elementor-element-aa5e3d4 elementor-section-boxed elementor-section-height-default elementor-section-height-default\" data-id=\"aa5e3d4\" data-element_type=\"section\">\n\t\t\t\t\t\t<div class=\"elementor-container elementor-column-gap-default\">\n\t\t\t\t\t<div class=\"elementor-column elementor-col-100 elementor-top-column elementor-element elementor-element-5b2f91d\" data-id=\"5b2f91d\" data-element_type=\"column\">\n\t\t\t<div class=\"elementor-widget-wrap elementor-element-populated\">\n\t\t\t\t\t\t\t\t<div class=\"elementor-element elementor-element-abc03ba elementor-widget elementor-widget-heading\" data-id=\"abc03ba\" data-element_type=\"widget\" data-widget_type=\"heading.default\">\n\t\t\t\t<div class=\"elementor-widget-container\">\n\t\t\t<h2 class=\"elementor-heading-title elementor-size-default\">Ars-en-R\u00e9 : Patrimoine architectural\u200b<\/h2>\t\t<\/div>\n\t\t\t\t<\/div>\n\t\t\t\t\t<\/div>\n\t\t<\/div>\n\t\t\t\t\t\t\t<\/div>\n\t\t<\/section>\n\t\t\t\t<section class=\"elementor-section elementor-top-section elementor-element elementor-element-3e19008 elementor-section-boxed elementor-section-height-default elementor-section-height-default\" data-id=\"3e19008\" data-element_type=\"section\">\n\t\t\t\t\t\t<div class=\"elementor-container elementor-column-gap-default\">\n\t\t\t\t\t<div class=\"elementor-column elementor-col-50 elementor-top-column elementor-element elementor-element-3155327\" data-id=\"3155327\" data-element_type=\"column\">\n\t\t\t<div class=\"elementor-widget-wrap elementor-element-populated\">\n\t\t\t\t\t\t\t\t<div class=\"elementor-element elementor-element-cddf5ce elementor-widget elementor-widget-text-editor\" data-id=\"cddf5ce\" data-element_type=\"widget\" data-widget_type=\"text-editor.default\">\n\t\t\t\t<div class=\"elementor-widget-container\">\n\t\t\t\t\t\t\t<p>Si vous allez un peu plus \u00e0 l\u2019ouest, vous trouverez la commune d\u2019<a href=\"https:\/\/www.iledere.com\/decouvrir\/10-villages-1-ile\/ars-en-re\">Ars<\/a>, t\u00e9moin d\u2019un riche h\u00e9ritage architectural. Outre ses ruelles pav\u00e9es et ses maisons blanches aux volets verts, l\u2019<a href=\"https:\/\/www.iledere.com\/vivre-et-explorer\/explorez-a-votre-rythme\/musees-galeries-d-arts-et-artistes-sur-l-ile-de-re\/eglise-saint-etienne-ars-en-re-124599\">\u00e9glise Saint-\u00c9tienne<\/a>, avec son clocher fait de noir et de blanc, surplombe le Village de pierre et d\u2019eau. La commune d\u2019Ars allie harmonieusement architecture et nature. En effet, le <a href=\"https:\/\/www.iledere.com\/vivre-et-explorer\/explorez-a-votre-rythme\/itineraires-et-circuits\/les-marais-et-le-fier-d-ars-en-re\">Fier d\u2019Ars<\/a>, vaste baie de 800 ha, est au c\u0153ur des activit\u00e9s maritimes de l\u2019\u00eele. Il est possible de le traverser en bateau ou bien de le longer \u00e0 pied et de laisser la mar\u00e9e basse d\u00e9voiler les nombreux parcs \u00e0 hu\u00eetres.\u00a0<\/p>\t\t\t\t\t\t<\/div>\n\t\t\t\t<\/div>\n\t\t\t\t\t<\/div>\n\t\t<\/div>\n\t\t\t\t<div class=\"elementor-column elementor-col-50 elementor-top-column elementor-element elementor-element-702838b\" data-id=\"702838b\" data-element_type=\"column\">\n\t\t\t<div class=\"elementor-widget-wrap elementor-element-populated\">\n\t\t\t\t\t\t\t\t<div class=\"elementor-element elementor-element-a881734 elementor-widget elementor-widget-image\" data-id=\"a881734\" data-element_type=\"widget\" data-widget_type=\"image.default\">\n\t\t\t\t<div class=\"elementor-widget-container\">\n\t\t\t\t\t\t\t\t\t\t\t\t\t\t\t<img loading=\"lazy\" decoding=\"async\" width=\"667\" height=\"630\" src=\"https:\/\/www.travelparadise.fr\/blog\/wp-content\/uploads\/2024\/07\/Ars-en-Re-667x630.jpg\" class=\"attachment-large size-large wp-image-1222\" alt=\"\" \/>\t\t\t\t\t\t\t\t\t\t\t\t\t\t\t<\/div>\n\t\t\t\t<\/div>\n\t\t\t\t\t<\/div>\n\t\t<\/div>\n\t\t\t\t\t\t\t<\/div>\n\t\t<\/section>\n\t\t\t\t<section class=\"elementor-section elementor-top-section elementor-element elementor-element-9de315b elementor-section-boxed elementor-section-height-default elementor-section-height-default\" data-id=\"9de315b\" data-element_type=\"section\">\n\t\t\t\t\t\t<div class=\"elementor-container elementor-column-gap-default\">\n\t\t\t\t\t<div class=\"elementor-column elementor-col-100 elementor-top-column elementor-element elementor-element-ca275d4\" data-id=\"ca275d4\" data-element_type=\"column\">\n\t\t\t<div class=\"elementor-widget-wrap elementor-element-populated\">\n\t\t\t\t\t\t\t\t<div class=\"elementor-element elementor-element-b1ea7d5 elementor-widget elementor-widget-heading\" data-id=\"b1ea7d5\" data-element_type=\"widget\" data-widget_type=\"heading.default\">\n\t\t\t\t<div class=\"elementor-widget-container\">\n\t\t\t<h2 class=\"elementor-heading-title elementor-size-default\">Saint-Cl\u00e9ment-des-Baleines : Patrimoine culturel<\/h2>\t\t<\/div>\n\t\t\t\t<\/div>\n\t\t\t\t\t<\/div>\n\t\t<\/div>\n\t\t\t\t\t\t\t<\/div>\n\t\t<\/section>\n\t\t\t\t<section class=\"elementor-section elementor-top-section elementor-element elementor-element-fc8a6e1 elementor-section-boxed elementor-section-height-default elementor-section-height-default\" data-id=\"fc8a6e1\" data-element_type=\"section\">\n\t\t\t\t\t\t<div class=\"elementor-container elementor-column-gap-default\">\n\t\t\t\t\t<div class=\"elementor-column elementor-col-66 elementor-top-column elementor-element elementor-element-9f347c7\" data-id=\"9f347c7\" data-element_type=\"column\">\n\t\t\t<div class=\"elementor-widget-wrap elementor-element-populated\">\n\t\t\t\t\t\t\t\t<div class=\"elementor-element elementor-element-fbb6458 elementor-widget elementor-widget-image\" data-id=\"fbb6458\" data-element_type=\"widget\" data-widget_type=\"image.default\">\n\t\t\t\t<div class=\"elementor-widget-container\">\n\t\t\t\t\t\t\t\t\t\t\t\t<figure class=\"wp-caption\">\n\t\t\t\t\t\t\t\t\t\t<img loading=\"lazy\" decoding=\"async\" width=\"640\" height=\"630\" src=\"https:\/\/www.travelparadise.fr\/blog\/wp-content\/uploads\/2024\/07\/Vieille-tour-des-Baleines-Saint-clement-des-Baleines-Jerome-Lechelle-2-640x640-1-640x630.webp\" class=\"attachment-large size-large wp-image-1220\" alt=\"\" srcset=\"https:\/\/www.travelparadise.fr\/blog\/wp-content\/uploads\/2024\/07\/Vieille-tour-des-Baleines-Saint-clement-des-Baleines-Jerome-Lechelle-2-640x640-1-640x630.webp 640w, https:\/\/www.travelparadise.fr\/blog\/wp-content\/uploads\/2024\/07\/Vieille-tour-des-Baleines-Saint-clement-des-Baleines-Jerome-Lechelle-2-640x640-1-90x90.webp 90w\" sizes=\"auto, (max-width: 640px) 100vw, 640px\" \/>\t\t\t\t\t\t\t\t\t\t\t<figcaption class=\"widget-image-caption wp-caption-text\">Le sel et la vigne ont \u00e9galement fa\u00e7onn\u00e9 la culture locale au fil des si\u00e8cles.<\/figcaption>\n\t\t\t\t\t\t\t\t\t\t<\/figure>\n\t\t\t\t\t\t\t\t\t<\/div>\n\t\t\t\t<\/div>\n\t\t\t\t\t<\/div>\n\t\t<\/div>\n\t\t\t\t<div class=\"elementor-column elementor-col-33 elementor-top-column elementor-element elementor-element-cd1c2c5\" data-id=\"cd1c2c5\" data-element_type=\"column\">\n\t\t\t<div class=\"elementor-widget-wrap elementor-element-populated\">\n\t\t\t\t\t\t\t\t<div class=\"elementor-element elementor-element-5606f1b elementor-widget elementor-widget-text-editor\" data-id=\"5606f1b\" data-element_type=\"widget\" data-widget_type=\"text-editor.default\">\n\t\t\t\t<div class=\"elementor-widget-container\">\n\t\t\t\t\t\t\t<p>Si vous remontez maintenant un peu plus au Nord, vous arriverez \u00e0 <a href=\"https:\/\/www.iledere.com\/decouvrir\/une-ile-10-villages\/saint-clement-des-baleines\">Saint-Cl\u00e9ment-des-Baleines<\/a>.<\/p>\n<p>Ce village est principalement c\u00e9l\u00e8bre pour son phare : <a href=\"https:\/\/www.iledere.com\/vivre-et-explorer\/explorez-a-votre-rythme\/musees-galeries-d-arts-et-artistes-sur-l-ile-de-re\/phare-des-baleines-le-grand-phare-107514\">le Phare des Baleines<\/a>.<\/p>\n<p>Construit en 1825, cet embl\u00e8me tire son nom d\u2019une \u00e9poque o\u00f9 de nombreuses baleines venaient s\u2019\u00e9chouer sur les c\u00f4tes. Du haut de ses 57 m, il fait partie des phares les plus hauts de France. Il offre une vue panoramique imprenable.<\/p>\n<p>Le phare ainsi que les l\u00e9gendes qui l\u2019accompagnent ne manqueront pas de captiver les passionn\u00e9s de mer. Saint-Cl\u00e9ment ne vit pas seulement au\u00a0travers de son phare.<\/p>\n<p>Il abrite \u00e9galement la plus grande plage de sable de l&rsquo;\u00eele de R\u00e9 o\u00f9 vous pourrez profiter pleinement du soleil, des vagues et de la brise oc\u00e9anique.<\/p>\n<p>\u00a0<\/p>\t\t\t\t\t\t<\/div>\n\t\t\t\t<\/div>\n\t\t\t\t\t<\/div>\n\t\t<\/div>\n\t\t\t\t\t\t\t<\/div>\n\t\t<\/section>\n\t\t\t\t<section class=\"elementor-section elementor-top-section elementor-element elementor-element-11c6bd2 elementor-section-boxed elementor-section-height-default elementor-section-height-default\" data-id=\"11c6bd2\" data-element_type=\"section\">\n\t\t\t\t\t\t<div class=\"elementor-container elementor-column-gap-default\">\n\t\t\t\t\t<div class=\"elementor-column elementor-col-100 elementor-top-column elementor-element elementor-element-d877f53\" data-id=\"d877f53\" data-element_type=\"column\">\n\t\t\t<div class=\"elementor-widget-wrap elementor-element-populated\">\n\t\t\t\t\t\t\t\t<div class=\"elementor-element elementor-element-26cc7c2 elementor-widget elementor-widget-heading\" data-id=\"26cc7c2\" data-element_type=\"widget\" data-widget_type=\"heading.default\">\n\t\t\t\t<div class=\"elementor-widget-container\">\n\t\t\t<h2 class=\"elementor-heading-title elementor-size-default\">Les-Portes-en-R\u00e9 : Patrimoine naturel<\/h2>\t\t<\/div>\n\t\t\t\t<\/div>\n\t\t\t\t\t<\/div>\n\t\t<\/div>\n\t\t\t\t\t\t\t<\/div>\n\t\t<\/section>\n\t\t\t\t<section class=\"elementor-section elementor-top-section elementor-element elementor-element-8516495 elementor-section-boxed elementor-section-height-default elementor-section-height-default\" data-id=\"8516495\" data-element_type=\"section\">\n\t\t\t\t\t\t<div class=\"elementor-container elementor-column-gap-default\">\n\t\t\t\t\t<div class=\"elementor-column elementor-col-33 elementor-top-column elementor-element elementor-element-03ac7ed\" data-id=\"03ac7ed\" data-element_type=\"column\">\n\t\t\t<div class=\"elementor-widget-wrap elementor-element-populated\">\n\t\t\t\t\t\t\t\t<div class=\"elementor-element elementor-element-195732d elementor-widget elementor-widget-text-editor\" data-id=\"195732d\" data-element_type=\"widget\" data-widget_type=\"text-editor.default\">\n\t\t\t\t<div class=\"elementor-widget-container\">\n\t\t\t\t\t\t\t<p>Enfin, si vous continuez vers le nord-est, vous atteindrez le bout de l\u2019\u00eele avec\u00a0<a href=\"https:\/\/www.iledere.com\/decouvrir\/10-villages-1-ile\/les-portes-en-re\">Les Portes-en-R\u00e9<\/a>. Vous y d\u00e9couvrirez la c\u00e9l\u00e8bre r\u00e9serve ornithologique de\u00a0<a href=\"https:\/\/www.iledere.com\/decouvrir\/les-sites-incontournables\/la-reserve-naturelle-nationale-de-lilleau-des-niges\">Lilleau des Niges<\/a>. Chaque ann\u00e9e, elle accueille des dizaines de milliers d\u2019oiseaux migrateurs. \u00c0 quelques kilom\u00e8tres de l\u00e0, les for\u00eats domaniales de\u00a0<a href=\"https:\/\/www.iledere.com\/decouvrir\/une-ile-authentique\/une-nature-preservee-et-vivante\/les-plages-rythmees-par-les-saisons\/les-plages-de-l-ile-de-re-carte-interactive\/plage-de-trousse-chemise-440958\">Trousse-Chemise<\/a>, du Lizay, de la Combe-\u00e0-L&rsquo;eau et du Bois Henri IV, bord\u00e9es de plages et de dunes, d\u00e9voilent une flore typique des milieux dunaires. La faune et la flore y sont particuli\u00e8rement riches.\u00a0<\/p>\t\t\t\t\t\t<\/div>\n\t\t\t\t<\/div>\n\t\t\t\t\t<\/div>\n\t\t<\/div>\n\t\t\t\t<div class=\"elementor-column elementor-col-66 elementor-top-column elementor-element elementor-element-e7532a0\" data-id=\"e7532a0\" data-element_type=\"column\">\n\t\t\t<div class=\"elementor-widget-wrap elementor-element-populated\">\n\t\t\t\t\t\t\t\t<div class=\"elementor-element elementor-element-ded321d elementor-widget elementor-widget-image\" data-id=\"ded321d\" data-element_type=\"widget\" data-widget_type=\"image.default\">\n\t\t\t\t<div class=\"elementor-widget-container\">\n\t\t\t\t\t\t\t\t\t\t\t\t<figure class=\"wp-caption\">\n\t\t\t\t\t\t\t\t\t\t<img loading=\"lazy\" decoding=\"async\" width=\"751\" height=\"246\" src=\"https:\/\/www.travelparadise.fr\/blog\/wp-content\/uploads\/2024\/06\/image-30-1920x630.png\" class=\"attachment-large size-large wp-image-1107\" alt=\"\" \/>\t\t\t\t\t\t\t\t\t\t\t<figcaption class=\"widget-image-caption wp-caption-text\">De plus, le village des Portes-en-R\u00e9 est r\u00e9put\u00e9 pour poss\u00e9der les plus belles plages de l'\u00eele, id\u00e9ales pour bronzer, surfer ou pratiquer d'autres sports nautiques !<\/figcaption>\n\t\t\t\t\t\t\t\t\t\t<\/figure>\n\t\t\t\t\t\t\t\t\t<\/div>\n\t\t\t\t<\/div>\n\t\t\t\t\t<\/div>\n\t\t<\/div>\n\t\t\t\t\t\t\t<\/div>\n\t\t<\/section>\n\t\t\t\t<section class=\"elementor-section elementor-top-section elementor-element elementor-element-1daa51e elementor-section-boxed elementor-section-height-default elementor-section-height-default\" data-id=\"1daa51e\" data-element_type=\"section\">\n\t\t\t\t\t\t<div class=\"elementor-container elementor-column-gap-default\">\n\t\t\t\t\t<div class=\"elementor-column elementor-col-100 elementor-top-column elementor-element elementor-element-5f38e90\" data-id=\"5f38e90\" data-element_type=\"column\">\n\t\t\t<div class=\"elementor-widget-wrap elementor-element-populated\">\n\t\t\t\t\t\t\t\t<div class=\"elementor-element elementor-element-bc1c13b elementor-widget elementor-widget-text-editor\" data-id=\"bc1c13b\" data-element_type=\"widget\" data-widget_type=\"text-editor.default\">\n\t\t\t\t<div class=\"elementor-widget-container\">\n\t\t\t\t\t\t\t<p class=\"has-small-font-size\">Voici quelques <a href=\"https:\/\/www.travelparadise.fr\/location\/locations-ile-de-re-z3166\/\">villas \u00e0 louer<\/a> avec Travel Paradise au <a href=\"https:\/\/www.travelparadise.fr\/location\/locations-les-portes-en-re-d32211\/\">Nord de l&rsquo;\u00cele<\/a> .<\/p>\t\t\t\t\t\t<\/div>\n\t\t\t\t<\/div>\n\t\t\t\t\t<\/div>\n\t\t<\/div>\n\t\t\t\t\t\t\t<\/div>\n\t\t<\/section>\n\t\t\t\t<section class=\"elementor-section elementor-top-section elementor-element elementor-element-fb8463d elementor-section-boxed elementor-section-height-default elementor-section-height-default\" data-id=\"fb8463d\" data-element_type=\"section\">\n\t\t\t\t\t\t<div class=\"elementor-container elementor-column-gap-default\">\n\t\t\t\t\t<div class=\"elementor-column elementor-col-33 elementor-top-column elementor-element elementor-element-4a4d217\" data-id=\"4a4d217\" data-element_type=\"column\">\n\t\t\t<div class=\"elementor-widget-wrap elementor-element-populated\">\n\t\t\t\t\t\t\t\t<div class=\"elementor-element elementor-element-108f6c5 elementor-widget elementor-widget-text-editor\" data-id=\"108f6c5\" data-element_type=\"widget\" data-widget_type=\"text-editor.default\">\n\t\t\t\t<div class=\"elementor-widget-container\">\n\t\t\t\t\t\t\t<ul>\n<li><a href=\"https:\/\/www.travelparadise.fr\/location\/villa-les-portes-en-re-villa-lady-419515.html\">Villa Lady<\/a><\/li>\n<\/ul>\n<figure class=\"wp-block-image aligncenter size-full is-resized\"><img loading=\"lazy\" decoding=\"async\" width=\"650\" height=\"450\" class=\"wp-image-1117\" src=\"https:\/\/www.travelparadise.fr\/blog\/wp-content\/uploads\/2024\/06\/image-34.png\" alt=\"\" \/><\/figure>\t\t\t\t\t\t<\/div>\n\t\t\t\t<\/div>\n\t\t\t\t\t<\/div>\n\t\t<\/div>\n\t\t\t\t<div class=\"elementor-column elementor-col-33 elementor-top-column elementor-element elementor-element-031d117\" data-id=\"031d117\" data-element_type=\"column\">\n\t\t\t<div class=\"elementor-widget-wrap elementor-element-populated\">\n\t\t\t\t\t\t\t\t<div class=\"elementor-element elementor-element-f3579e9 elementor-widget elementor-widget-text-editor\" data-id=\"f3579e9\" data-element_type=\"widget\" data-widget_type=\"text-editor.default\">\n\t\t\t\t<div class=\"elementor-widget-container\">\n\t\t\t\t\t\t\t<ul>\n<li><a href=\"https:\/\/www.travelparadise.fr\/location\/villa-les-portes-en-re-villa-madame-417494.html\">Villa Madame<\/a><\/li>\n<\/ul>\n<figure class=\"wp-block-image aligncenter size-full is-resized\"><img loading=\"lazy\" decoding=\"async\" width=\"650\" height=\"450\" class=\"wp-image-1119\" src=\"https:\/\/www.travelparadise.fr\/blog\/wp-content\/uploads\/2024\/06\/image-35.png\" alt=\"\" \/><\/figure>\t\t\t\t\t\t<\/div>\n\t\t\t\t<\/div>\n\t\t\t\t\t<\/div>\n\t\t<\/div>\n\t\t\t\t<div class=\"elementor-column elementor-col-33 elementor-top-column elementor-element elementor-element-7fe83a7\" data-id=\"7fe83a7\" data-element_type=\"column\">\n\t\t\t<div class=\"elementor-widget-wrap elementor-element-populated\">\n\t\t\t\t\t\t\t\t<div class=\"elementor-element elementor-element-fa97a18 elementor-widget elementor-widget-text-editor\" data-id=\"fa97a18\" data-element_type=\"widget\" data-widget_type=\"text-editor.default\">\n\t\t\t\t<div class=\"elementor-widget-container\">\n\t\t\t\t\t\t\t<ul>\n<li><a href=\"https:\/\/www.travelparadise.fr\/location\/villa-saint-clement-des-baleines-villa-la-saliere-412606.html\">Villa La Sali\u00e8re<\/a><\/li>\n<\/ul>\n<figure class=\"wp-block-image aligncenter size-full is-resized\"><img loading=\"lazy\" decoding=\"async\" width=\"650\" height=\"450\" class=\"wp-image-1115\" src=\"https:\/\/www.travelparadise.fr\/blog\/wp-content\/uploads\/2024\/06\/image-33.png\" alt=\"\" \/><\/figure>\t\t\t\t\t\t<\/div>\n\t\t\t\t<\/div>\n\t\t\t\t\t<\/div>\n\t\t<\/div>\n\t\t\t\t\t\t\t<\/div>\n\t\t<\/section>\n\t\t\t\t<section class=\"elementor-section elementor-top-section elementor-element elementor-element-7b13770 elementor-section-boxed elementor-section-height-default elementor-section-height-default\" data-id=\"7b13770\" data-element_type=\"section\">\n\t\t\t\t\t\t<div class=\"elementor-container elementor-column-gap-default\">\n\t\t\t\t\t<div class=\"elementor-column elementor-col-100 elementor-top-column elementor-element elementor-element-10241ed\" data-id=\"10241ed\" data-element_type=\"column\">\n\t\t\t<div class=\"elementor-widget-wrap elementor-element-populated\">\n\t\t\t\t\t\t\t\t<div class=\"elementor-element elementor-element-b59660f elementor-widget elementor-widget-text-editor\" data-id=\"b59660f\" data-element_type=\"widget\" data-widget_type=\"text-editor.default\">\n\t\t\t\t<div class=\"elementor-widget-container\">\n\t\t\t\t\t\t\t<p>Retrouvez toutes nos villas sur le site internet juste\u00a0<strong><a href=\"https:\/\/www.travelparadise.fr\/\">ici<\/a><\/strong><\/p>\n<p style=\"text-align: justify;\"><a style=\"font-family: var( --e-global-typography-text-font-family ), Sans-serif; font-weight: var( --e-global-typography-text-font-weight ); background-color: #ffffff; font-size: 14px; text-align: center;\" href=\"https:\/\/www.travelparadise.fr\/\"><img decoding=\"async\" style=\"vertical-align: bottom; width: 177px;\" src=\"https:\/\/www.travelparadise.fr\/blog\/wp-content\/uploads\/2024\/06\/image-31.png\" alt=\"\" \/><\/a><\/p>\t\t\t\t\t\t<\/div>\n\t\t\t\t<\/div>\n\t\t\t\t\t<\/div>\n\t\t<\/div>\n\t\t\t\t\t\t\t<\/div>\n\t\t<\/section>\n\t\t\t\t\t\t\t<\/div>\n\t\t","protected":false},"excerpt":{"rendered":"<p>\u266b\u266b\u00a0\u201c Dans le petit bois de Trousse chemiseQuand la mer est grise et qu&rsquo;on l&rsquo;est un peuDans le petit bois&#8230;<\/p>\n","protected":false},"author":2,"featured_media":1222,"comment_status":"open","ping_status":"open","sticky":false,"template":"","format":"standard","meta":{"footnotes":""},"categories":[19,23],"tags":[],"class_list":["post-1078","post","type-post","status-publish","format-standard","has-post-thumbnail","hentry","category-blog","category-blog-en"],"yoast_head":"<!-- This site is optimized with the Yoast SEO plugin v20.3 - https:\/\/yoast.com\/wordpress\/plugins\/seo\/ -->\n<title>Pourquoi s\u00e9journer au Nord de l&#039;\u00eele de R\u00e9 ? - Blog<\/title>\n<meta name=\"description\" content=\"Pourquoi choisirez-vous de louer au nord de l&#039;\u00eele de R\u00e9 ? De Loix aux Portes, le Nord regroupe une grande partie des joyaux de l&#039;\u00eele de R\u00e9.\" \/>\n<meta name=\"robots\" content=\"index, follow, max-snippet:-1, max-image-preview:large, max-video-preview:-1\" \/>\n<link rel=\"canonical\" href=\"https:\/\/www.travelparadise.fr\/blog\/ars-en-re-les-portes-en-re-saint-clement-des-baleines-loix\/\" \/>\n<meta property=\"og:locale\" content=\"fr_FR\" \/>\n<meta property=\"og:type\" content=\"article\" \/>\n<meta property=\"og:title\" content=\"Pourquoi s\u00e9journer au Nord de l&#039;\u00eele de R\u00e9 ? - Blog\" \/>\n<meta property=\"og:description\" content=\"Pourquoi choisirez-vous de louer au nord de l&#039;\u00eele de R\u00e9 ? De Loix aux Portes, le Nord regroupe une grande partie des joyaux de l&#039;\u00eele de R\u00e9.\" \/>\n<meta property=\"og:url\" content=\"https:\/\/www.travelparadise.fr\/blog\/ars-en-re-les-portes-en-re-saint-clement-des-baleines-loix\/\" \/>\n<meta property=\"og:site_name\" content=\"Blog\" \/>\n<meta property=\"article:published_time\" content=\"2024-06-24T11:11:06+00:00\" \/>\n<meta property=\"article:modified_time\" content=\"2024-11-05T09:59:26+00:00\" \/>\n<meta property=\"og:image\" content=\"https:\/\/www.travelparadise.fr\/blog\/wp-content\/uploads\/2024\/07\/Ars-en-Re.jpg\" \/>\n\t<meta property=\"og:image:width\" content=\"667\" \/>\n\t<meta property=\"og:image:height\" content=\"1000\" \/>\n\t<meta property=\"og:image:type\" content=\"image\/jpeg\" \/>\n<meta name=\"author\" content=\"travelparadise\" \/>\n<meta name=\"twitter:card\" content=\"summary_large_image\" \/>\n<meta name=\"twitter:label1\" content=\"\u00c9crit par\" \/>\n\t<meta name=\"twitter:data1\" content=\"travelparadise\" \/>\n\t<meta name=\"twitter:label2\" content=\"Dur\u00e9e de lecture estim\u00e9e\" \/>\n\t<meta name=\"twitter:data2\" content=\"6 minutes\" \/>\n<script type=\"application\/ld+json\" class=\"yoast-schema-graph\">{\"@context\":\"https:\/\/schema.org\",\"@graph\":[{\"@type\":\"WebPage\",\"@id\":\"https:\/\/www.travelparadise.fr\/blog\/ars-en-re-les-portes-en-re-saint-clement-des-baleines-loix\/\",\"url\":\"https:\/\/www.travelparadise.fr\/blog\/ars-en-re-les-portes-en-re-saint-clement-des-baleines-loix\/\",\"name\":\"Pourquoi s\u00e9journer au Nord de l'\u00eele de R\u00e9 ? - Blog\",\"isPartOf\":{\"@id\":\"https:\/\/www.travelparadise.fr\/blog\/#website\"},\"datePublished\":\"2024-06-24T11:11:06+00:00\",\"dateModified\":\"2024-11-05T09:59:26+00:00\",\"author\":{\"@id\":\"https:\/\/www.travelparadise.fr\/blog\/#\/schema\/person\/ed2001af629a3e10f958897e149d0ac1\"},\"description\":\"Pourquoi choisirez-vous de louer au nord de l'\u00eele de R\u00e9 ? De Loix aux Portes, le Nord regroupe une grande partie des joyaux de l'\u00eele de R\u00e9.\",\"breadcrumb\":{\"@id\":\"https:\/\/www.travelparadise.fr\/blog\/ars-en-re-les-portes-en-re-saint-clement-des-baleines-loix\/#breadcrumb\"},\"inLanguage\":\"fr-FR\",\"potentialAction\":[{\"@type\":\"ReadAction\",\"target\":[\"https:\/\/www.travelparadise.fr\/blog\/ars-en-re-les-portes-en-re-saint-clement-des-baleines-loix\/\"]}]},{\"@type\":\"BreadcrumbList\",\"@id\":\"https:\/\/www.travelparadise.fr\/blog\/ars-en-re-les-portes-en-re-saint-clement-des-baleines-loix\/#breadcrumb\",\"itemListElement\":[{\"@type\":\"ListItem\",\"position\":1,\"name\":\"Accueil\",\"item\":\"https:\/\/www.travelparadise.fr\/blog\/\"},{\"@type\":\"ListItem\",\"position\":2,\"name\":\"Pourquoi s\u00e9journer au Nord de l&rsquo;\u00eele de R\u00e9 ?\"}]},{\"@type\":\"WebSite\",\"@id\":\"https:\/\/www.travelparadise.fr\/blog\/#website\",\"url\":\"https:\/\/www.travelparadise.fr\/blog\/\",\"name\":\"Blog sur l'\u00cele de R\u00e9\",\"description\":\"Location de vacances de luxe \u00cele de R\u00e9 - TravelParadise.fr\",\"alternateName\":\"Blog sur l'\u00cele de R\u00e9\",\"potentialAction\":[{\"@type\":\"SearchAction\",\"target\":{\"@type\":\"EntryPoint\",\"urlTemplate\":\"https:\/\/www.travelparadise.fr\/blog\/?s={search_term_string}\"},\"query-input\":\"required name=search_term_string\"}],\"inLanguage\":\"fr-FR\"},{\"@type\":\"Person\",\"@id\":\"https:\/\/www.travelparadise.fr\/blog\/#\/schema\/person\/ed2001af629a3e10f958897e149d0ac1\",\"name\":\"travelparadise\",\"image\":{\"@type\":\"ImageObject\",\"inLanguage\":\"fr-FR\",\"@id\":\"https:\/\/www.travelparadise.fr\/blog\/#\/schema\/person\/image\/\",\"url\":\"https:\/\/secure.gravatar.com\/avatar\/6f4f7cc27cad962dac233b4df73e88870445d6f46c799440318bb409fc4cd9da?s=96&d=mm&r=g\",\"contentUrl\":\"https:\/\/secure.gravatar.com\/avatar\/6f4f7cc27cad962dac233b4df73e88870445d6f46c799440318bb409fc4cd9da?s=96&d=mm&r=g\",\"caption\":\"travelparadise\"},\"url\":\"https:\/\/www.travelparadise.fr\/blog\/author\/travelparadise\/\"}]}<\/script>\n<!-- \/ Yoast SEO plugin. -->","yoast_head_json":{"title":"Pourquoi s\u00e9journer au Nord de l'\u00eele de R\u00e9 ? - Blog","description":"Pourquoi choisirez-vous de louer au nord de l'\u00eele de R\u00e9 ? De Loix aux Portes, le Nord regroupe une grande partie des joyaux de l'\u00eele de R\u00e9.","robots":{"index":"index","follow":"follow","max-snippet":"max-snippet:-1","max-image-preview":"max-image-preview:large","max-video-preview":"max-video-preview:-1"},"canonical":"https:\/\/www.travelparadise.fr\/blog\/ars-en-re-les-portes-en-re-saint-clement-des-baleines-loix\/","og_locale":"fr_FR","og_type":"article","og_title":"Pourquoi s\u00e9journer au Nord de l'\u00eele de R\u00e9 ? - Blog","og_description":"Pourquoi choisirez-vous de louer au nord de l'\u00eele de R\u00e9 ? De Loix aux Portes, le Nord regroupe une grande partie des joyaux de l'\u00eele de R\u00e9.","og_url":"https:\/\/www.travelparadise.fr\/blog\/ars-en-re-les-portes-en-re-saint-clement-des-baleines-loix\/","og_site_name":"Blog","article_published_time":"2024-06-24T11:11:06+00:00","article_modified_time":"2024-11-05T09:59:26+00:00","og_image":[{"width":667,"height":1000,"url":"https:\/\/www.travelparadise.fr\/blog\/wp-content\/uploads\/2024\/07\/Ars-en-Re.jpg","type":"image\/jpeg"}],"author":"travelparadise","twitter_card":"summary_large_image","twitter_misc":{"\u00c9crit par":"travelparadise","Dur\u00e9e de lecture estim\u00e9e":"6 minutes"},"schema":{"@context":"https:\/\/schema.org","@graph":[{"@type":"WebPage","@id":"https:\/\/www.travelparadise.fr\/blog\/ars-en-re-les-portes-en-re-saint-clement-des-baleines-loix\/","url":"https:\/\/www.travelparadise.fr\/blog\/ars-en-re-les-portes-en-re-saint-clement-des-baleines-loix\/","name":"Pourquoi s\u00e9journer au Nord de l'\u00eele de R\u00e9 ? - Blog","isPartOf":{"@id":"https:\/\/www.travelparadise.fr\/blog\/#website"},"datePublished":"2024-06-24T11:11:06+00:00","dateModified":"2024-11-05T09:59:26+00:00","author":{"@id":"https:\/\/www.travelparadise.fr\/blog\/#\/schema\/person\/ed2001af629a3e10f958897e149d0ac1"},"description":"Pourquoi choisirez-vous de louer au nord de l'\u00eele de R\u00e9 ? De Loix aux Portes, le Nord regroupe une grande partie des joyaux de l'\u00eele de R\u00e9.","breadcrumb":{"@id":"https:\/\/www.travelparadise.fr\/blog\/ars-en-re-les-portes-en-re-saint-clement-des-baleines-loix\/#breadcrumb"},"inLanguage":"fr-FR","potentialAction":[{"@type":"ReadAction","target":["https:\/\/www.travelparadise.fr\/blog\/ars-en-re-les-portes-en-re-saint-clement-des-baleines-loix\/"]}]},{"@type":"BreadcrumbList","@id":"https:\/\/www.travelparadise.fr\/blog\/ars-en-re-les-portes-en-re-saint-clement-des-baleines-loix\/#breadcrumb","itemListElement":[{"@type":"ListItem","position":1,"name":"Accueil","item":"https:\/\/www.travelparadise.fr\/blog\/"},{"@type":"ListItem","position":2,"name":"Pourquoi s\u00e9journer au Nord de l&rsquo;\u00eele de R\u00e9 ?"}]},{"@type":"WebSite","@id":"https:\/\/www.travelparadise.fr\/blog\/#website","url":"https:\/\/www.travelparadise.fr\/blog\/","name":"Blog sur l'\u00cele de R\u00e9","description":"Location de vacances de luxe \u00cele de R\u00e9 - TravelParadise.fr","alternateName":"Blog sur l'\u00cele de R\u00e9","potentialAction":[{"@type":"SearchAction","target":{"@type":"EntryPoint","urlTemplate":"https:\/\/www.travelparadise.fr\/blog\/?s={search_term_string}"},"query-input":"required name=search_term_string"}],"inLanguage":"fr-FR"},{"@type":"Person","@id":"https:\/\/www.travelparadise.fr\/blog\/#\/schema\/person\/ed2001af629a3e10f958897e149d0ac1","name":"travelparadise","image":{"@type":"ImageObject","inLanguage":"fr-FR","@id":"https:\/\/www.travelparadise.fr\/blog\/#\/schema\/person\/image\/","url":"https:\/\/secure.gravatar.com\/avatar\/6f4f7cc27cad962dac233b4df73e88870445d6f46c799440318bb409fc4cd9da?s=96&d=mm&r=g","contentUrl":"https:\/\/secure.gravatar.com\/avatar\/6f4f7cc27cad962dac233b4df73e88870445d6f46c799440318bb409fc4cd9da?s=96&d=mm&r=g","caption":"travelparadise"},"url":"https:\/\/www.travelparadise.fr\/blog\/author\/travelparadise\/"}]}},"_links":{"self":[{"href":"https:\/\/www.travelparadise.fr\/blog\/wp-json\/wp\/v2\/posts\/1078","targetHints":{"allow":["GET"]}}],"collection":[{"href":"https:\/\/www.travelparadise.fr\/blog\/wp-json\/wp\/v2\/posts"}],"about":[{"href":"https:\/\/www.travelparadise.fr\/blog\/wp-json\/wp\/v2\/types\/post"}],"author":[{"embeddable":true,"href":"https:\/\/www.travelparadise.fr\/blog\/wp-json\/wp\/v2\/users\/2"}],"replies":[{"embeddable":true,"href":"https:\/\/www.travelparadise.fr\/blog\/wp-json\/wp\/v2\/comments?post=1078"}],"version-history":[{"count":17,"href":"https:\/\/www.travelparadise.fr\/blog\/wp-json\/wp\/v2\/posts\/1078\/revisions"}],"predecessor-version":[{"id":1901,"href":"https:\/\/www.travelparadise.fr\/blog\/wp-json\/wp\/v2\/posts\/1078\/revisions\/1901"}],"wp:featuredmedia":[{"embeddable":true,"href":"https:\/\/www.travelparadise.fr\/blog\/wp-json\/wp\/v2\/media\/1222"}],"wp:attachment":[{"href":"https:\/\/www.travelparadise.fr\/blog\/wp-json\/wp\/v2\/media?parent=1078"}],"wp:term":[{"taxonomy":"category","embeddable":true,"href":"https:\/\/www.travelparadise.fr\/blog\/wp-json\/wp\/v2\/categories?post=1078"},{"taxonomy":"post_tag","embeddable":true,"href":"https:\/\/www.travelparadise.fr\/blog\/wp-json\/wp\/v2\/tags?post=1078"}],"curies":[{"name":"wp","href":"https:\/\/api.w.org\/{rel}","templated":true}]}}